{"id":10891,"date":"2021-06-28T04:06:01","date_gmt":"2021-06-28T00:06:01","guid":{"rendered":"http:\/\/veteran.az\/?p=10891"},"modified":"2021-06-28T04:06:02","modified_gmt":"2021-06-28T00:06:02","slug":"havelsan-direktoru-can-az%c9%99rbaycani-h%c9%99r-zaman-qardasimiz-olaraq-goruruk","status":"publish","type":"post","link":"https:\/\/veteran.az\/?p=10891","title":{"rendered":"HAVELSAN direktoru: \u201cCan Az\u0259rbaycan\u0131 h\u0259r zaman qarda\u015f\u0131m\u0131z olaraq g\u00f6r\u00fcr\u00fck\u201d"},"content":{"rendered":"\n<p>Az\u0259rbaycan v\u0259 T\u00fcrkiy\u0259 b\u00f6y\u00fck bir ortaq m\u0259d\u0259ni irsin iki qarda\u015f t\u0259msil\u00e7isidir. Dilimiz bir, dinimiz bir, yolumuz bir, izimiz birdir. \u00c7\u00fcnki tariximiz birdir.<\/p>\n\n\n\n<p>Bu s\u00f6zl\u0259ri HAVELSAN \u015firk\u0259tinin ba\u015f direktoru Mehmet Akif Nacar Az\u0259rbaycan Silahl\u0131 Q\u00fcvv\u0259l\u0259r G\u00fcn\u00fc m\u00fcnasib\u0259til\u0259 t\u0259brik m\u0259ktubunda bildirib.<\/p>\n\n\n\n<p>\u201cCan Az\u0259rbaycan\u0131m\u0131z\u0131 h\u0259r zaman qarda\u015f\u0131m\u0131z olaraq g\u00f6r\u00fcr\u00fck. 44 g\u00fcnl\u00fck m\u00fcharib\u0259d\u0259ki b\u00f6y\u00fck z\u0259f\u0259r\u0259 g\u00f6r\u0259 d\u0259 Az\u0259rbaycan\u0131 t\u0259brik edirik. \u015e\u0259hid olan h\u0259rb\u00e7il\u0259ri v\u0259 m\u00fclki v\u0259t\u0259nda\u015flar\u0131 r\u0259hm\u0259tl\u0259 an\u0131r\u0131q.<\/p>\n\n\n\n<p>Az\u0259rbaycan d\u00f6vl\u0259tinin \u00e7ox yax\u015f\u0131 liderlikl\u0259 idar\u0259 olundu\u011funu, Prezident \u0130lham \u018fliyevin \u00e7ox yax\u015f\u0131 h\u0259d\u0259fl\u0259r qoydu\u011funu v\u0259 Prezidentimiz R\u0259c\u0259b Tayyib \u018frdao\u011fan il\u0259 \u00e7ox yax\u015f\u0131 m\u00fcnasib\u0259tl\u0259ri oldu\u011funu g\u00f6r\u00fcr\u00fck.<\/p>\n\n\n\n<p>Bu m\u00fcnasib\u0259tl\u0259, Az\u0259rbaycan Silahl\u0131 Q\u00fcvv\u0259l\u0259ri G\u00fcn\u00fcn\u00fc t\u0259brik edir\u0259m v\u0259 bir mill\u0259t, iki d\u00f6vl\u0259t anlay\u0131\u015f\u0131 il\u0259 az\u0259rbaycanl\u0131 can qarda\u015flar\u0131m\u0131za sevgil\u0259rimi, say\u011f\u0131lar\u0131m\u0131 g\u00f6nd\u0259rir\u0259m\u201d, \u2013 dey\u0259 HAVELSAN-\u0131n ba\u015f direktoru Mehmet Akif Nacar bildirib.(Alp.az)<\/p>\n","protected":false},"excerpt":{"rendered":"<p>Az\u0259rbaycan v\u0259 T\u00fcrkiy\u0259 b\u00f6y\u00fck bir ortaq m\u0259d\u0259ni irsin iki qarda\u015f t\u0259msil\u00e7isidir. Dilimiz bir, dinimiz bir,&#8230;<\/p>\n","protected":false},"author":3,"featured_media":10892,"comment_status":"closed","ping_status":"closed","sticky":false,"template":"","format":"standard","meta":{"footnotes":""},"categories":[6],"tags":[],"class_list":["post-10891","post","type-post","status-publish","format-standard","has-post-thumbnail","hentry","category-cmiyyt"],"featured_image_urls":{"full":["https:\/\/veteran.az\/wp-content\/uploads\/2021\/06\/media-akif-nacar-havelsan-son-versiya-kopiya-zuvy8l35sb4opmanwc20-620x326-1.jpg",620,326,false],"thumbnail":["https:\/\/veteran.az\/wp-content\/uploads\/2021\/06\/media-akif-nacar-havelsan-son-versiya-kopiya-zuvy8l35sb4opmanwc20-620x326-1-150x150.jpg",150,150,true],"medium":["https:\/\/veteran.az\/wp-content\/uploads\/2021\/06\/media-akif-nacar-havelsan-son-versiya-kopiya-zuvy8l35sb4opmanwc20-620x326-1-300x158.jpg",300,158,true],"medium_large":["https:\/\/veteran.az\/wp-content\/uploads\/2021\/06\/media-akif-nacar-havelsan-son-versiya-kopiya-zuvy8l35sb4opmanwc20-620x326-1.jpg",620,326,false],"large":["https:\/\/veteran.az\/wp-content\/uploads\/2021\/06\/media-akif-nacar-havelsan-son-versiya-kopiya-zuvy8l35sb4opmanwc20-620x326-1.jpg",620,326,false],"1536x1536":["https:\/\/veteran.az\/wp-content\/uploads\/2021\/06\/media-akif-nacar-havelsan-son-versiya-kopiya-zuvy8l35sb4opmanwc20-620x326-1.jpg",620,326,false],"2048x2048":["https:\/\/veteran.az\/wp-content\/uploads\/2021\/06\/media-akif-nacar-havelsan-son-versiya-kopiya-zuvy8l35sb4opmanwc20-620x326-1.jpg",620,326,false],"covernews-slider-full":["https:\/\/veteran.az\/wp-content\/uploads\/2021\/06\/media-akif-nacar-havelsan-son-versiya-kopiya-zuvy8l35sb4opmanwc20-620x326-1.jpg",620,326,false],"covernews-slider-center":["https:\/\/veteran.az\/wp-content\/uploads\/2021\/06\/media-akif-nacar-havelsan-son-versiya-kopiya-zuvy8l35sb4opmanwc20-620x326-1.jpg",620,326,false],"covernews-featured":["https:\/\/veteran.az\/wp-content\/uploads\/2021\/06\/media-akif-nacar-havelsan-son-versiya-kopiya-zuvy8l35sb4opmanwc20-620x326-1.jpg",620,326,false],"covernews-medium":["https:\/\/veteran.az\/wp-content\/uploads\/2021\/06\/media-akif-nacar-havelsan-son-versiya-kopiya-zuvy8l35sb4opmanwc20-620x326-1.jpg",540,284,false],"covernews-medium-square":["https:\/\/veteran.az\/wp-content\/uploads\/2021\/06\/media-akif-nacar-havelsan-son-versiya-kopiya-zuvy8l35sb4opmanwc20-620x326-1.jpg",400,210,false]},"author_info":{"display_name":"Veteran.az","author_link":"https:\/\/veteran.az\/?author=3"},"category_info":"<a href=\"https:\/\/veteran.az\/?cat=6\" rel=\"category\">C\u0259miyy\u0259t<\/a>","tag_info":"C\u0259miyy\u0259t","comment_count":"0","_links":{"self":[{"href":"https:\/\/veteran.az\/index.php?rest_route=\/wp\/v2\/posts\/10891","targetHints":{"allow":["GET"]}}],"collection":[{"href":"https:\/\/veteran.az\/index.php?rest_route=\/wp\/v2\/posts"}],"about":[{"href":"https:\/\/veteran.az\/index.php?rest_route=\/wp\/v2\/types\/post"}],"author":[{"embeddable":true,"href":"https:\/\/veteran.az\/index.php?rest_route=\/wp\/v2\/users\/3"}],"replies":[{"embeddable":true,"href":"https:\/\/veteran.az\/index.php?rest_route=%2Fwp%2Fv2%2Fcomments&post=10891"}],"version-history":[{"count":1,"href":"https:\/\/veteran.az\/index.php?rest_route=\/wp\/v2\/posts\/10891\/revisions"}],"predecessor-version":[{"id":10893,"href":"https:\/\/veteran.az\/index.php?rest_route=\/wp\/v2\/posts\/10891\/revisions\/10893"}],"wp:featuredmedia":[{"embeddable":true,"href":"https:\/\/veteran.az\/index.php?rest_route=\/wp\/v2\/media\/10892"}],"wp:attachment":[{"href":"https:\/\/veteran.az\/index.php?rest_route=%2Fwp%2Fv2%2Fmedia&parent=10891"}],"wp:term":[{"taxonomy":"category","embeddable":true,"href":"https:\/\/veteran.az\/index.php?rest_route=%2Fwp%2Fv2%2Fcategories&post=10891"},{"taxonomy":"post_tag","embeddable":true,"href":"https:\/\/veteran.az\/index.php?rest_route=%2Fwp%2Fv2%2Ftags&post=10891"}],"curies":[{"name":"wp","href":"https:\/\/api.w.org\/{rel}","templated":true}]}}