{"id":10821,"date":"2021-06-24T21:30:36","date_gmt":"2021-06-24T17:30:36","guid":{"rendered":"http:\/\/veteran.az\/?p=10821"},"modified":"2021-06-24T21:30:37","modified_gmt":"2021-06-24T17:30:37","slug":"atalarin-yolu-il%c9%99-ged%c9%99n-igidl%c9%99r","status":"publish","type":"post","link":"https:\/\/veteran.az\/?p=10821","title":{"rendered":"Atalar\u0131n yolu il\u0259 ged\u0259n igidl\u0259r\u2026"},"content":{"rendered":"\n<p><strong>Az\u0259rbaycan Respublikas\u0131 Prezidenti \u0130lham \u018fliyev Az\u0259rbaycan Respublikas\u0131 Silahl\u0131 Q\u00fcvv\u0259l\u0259rinin h\u0259rbi qulluq\u00e7ular\u0131n\u0131n t\u0259ltif edilm\u0259si haqq\u0131nda S\u0259r\u0259ncam imzalay\u0131b.<\/strong><\/p>\n\n\n\n<p><br><strong>T\u0259ltif olunan q\u0259hr\u0259manlar\u0131m\u0131z aras\u0131nda Az\u0259rbaycan V\u0259t\u0259n M\u00fcharib\u0259si Veteranlar\u0131 \u0130ctimai Birliyinin (AVMV\u0130B) s\u0259dri F\u00fczuli Rzaquliyevin o\u011flu \u0130lkin Rzaquliyevin d\u0259 ad\u0131 var.<\/strong><\/p>\n\n\n\n<figure class=\"wp-block-image size-large\"><img loading=\"lazy\" decoding=\"async\" width=\"780\" height=\"780\" src=\"http:\/\/veteran.az\/wp-content\/uploads\/2021\/06\/139329132_3393788710732754_2470075087399315548_n-1.jpg\" alt=\"\" class=\"wp-image-10822\" srcset=\"https:\/\/veteran.az\/wp-content\/uploads\/2021\/06\/139329132_3393788710732754_2470075087399315548_n-1.jpg 780w, https:\/\/veteran.az\/wp-content\/uploads\/2021\/06\/139329132_3393788710732754_2470075087399315548_n-1-300x300.jpg 300w, https:\/\/veteran.az\/wp-content\/uploads\/2021\/06\/139329132_3393788710732754_2470075087399315548_n-1-150x150.jpg 150w, https:\/\/veteran.az\/wp-content\/uploads\/2021\/06\/139329132_3393788710732754_2470075087399315548_n-1-768x768.jpg 768w\" sizes=\"auto, (max-width: 780px) 100vw, 780px\" \/><\/figure>\n\n\n\n<p>A\u011f\u0131r d\u00f6y\u00fc\u015f yolu ke\u00e7mi\u015f ba\u015f leytenant \u0130lkin Rzaquliyev, \u00abC\u0259sur d\u00f6y\u00fc\u015f\u00e7\u00fc\u00bb, \u201cF\u00fczulinin azad olunmas\u0131na g\u00f6r\u0259\u201d v\u0259 \u201cXocav\u0259ndin azad olunmas\u0131na g\u00f6r\u0259\u201d medallar\u0131 il\u0259 t\u0259ltif olunub.<\/p>\n\n\n\n<p><br><strong>T\u0259brik edirik!<\/strong><\/p>\n\n\n\n<p><br><strong>Az\u0259rbaycan V\u0259t\u0259n M\u00fcharib\u0259si Veteranlar\u0131 \u0130ctimai Birliyi (AVMV\u0130B) s\u0259drinin m\u00fcavini, AVMV\u0130B N\u0259rimanov rayon \u015f\u00f6b\u0259sinin s\u0259dri Qurban Osmanovun o\u011flu Bayram Osmanov da t\u0259ltif olunanlar aras\u0131ndad\u0131r.<\/strong><\/p>\n\n\n\n<figure class=\"wp-block-image size-large\"><img loading=\"lazy\" decoding=\"async\" width=\"768\" height=\"1024\" src=\"http:\/\/veteran.az\/wp-content\/uploads\/2021\/06\/201894829_1523075298026943_4486791709365245131_n-768x1024-1.jpg\" alt=\"\" class=\"wp-image-10824\" srcset=\"https:\/\/veteran.az\/wp-content\/uploads\/2021\/06\/201894829_1523075298026943_4486791709365245131_n-768x1024-1.jpg 768w, https:\/\/veteran.az\/wp-content\/uploads\/2021\/06\/201894829_1523075298026943_4486791709365245131_n-768x1024-1-225x300.jpg 225w\" sizes=\"auto, (max-width: 768px) 100vw, 768px\" \/><\/figure>\n\n\n\n<p>\u015e\u0259r\u0259fli d\u00f6y\u00fc\u015f yolu ke\u00e7mi\u015f Bayram Osmanov da \u201cF\u00fczulinin azad olunmas\u0131na g\u00f6r\u0259\u201d v\u0259 \u201cXocav\u0259ndin azad olunmas\u0131na g\u00f6r\u0259\u201d medallar\u0131 il\u0259 t\u0259ltif olunub.<\/p>\n\n\n\n<figure class=\"wp-block-image size-large\"><img loading=\"lazy\" decoding=\"async\" width=\"500\" height=\"500\" src=\"http:\/\/veteran.az\/wp-content\/uploads\/2021\/06\/xxd-.jpg\" alt=\"\" class=\"wp-image-10823\" srcset=\"https:\/\/veteran.az\/wp-content\/uploads\/2021\/06\/xxd-.jpg 500w, https:\/\/veteran.az\/wp-content\/uploads\/2021\/06\/xxd--300x300.jpg 300w, https:\/\/veteran.az\/wp-content\/uploads\/2021\/06\/xxd--150x150.jpg 150w\" sizes=\"auto, (max-width: 500px) 100vw, 500px\" \/><\/figure>\n\n\n\n<p><strong>T\u0259brik edirik!<\/strong><\/p>\n\n\n\n<p>H\u0259r iki d\u00f6y\u00fc\u015f\u00e7\u00fcm\u00fcz Az\u0259rbaycan V\u0259t\u0259n M\u00fcharib\u0259si Veteranlar\u0131 \u0130ctimai Birliyinin (AVMV\u0130B) \u00fczvl\u0259ridir.<\/p>\n\n\n\n<p><strong>Elnur S\u0259lim<\/strong><\/p>\n\n\n\n<p><br><strong>P.S. Veteranlar\u0131m\u0131z\u0131n t\u0259ltif olunan \u00f6vladlar\u0131n\u0131 h\u0259r birini t\u0259brik edirik! Ard\u0131c\u0131l olaraq h\u0259r biri haqq\u0131nda m\u0259lumatlar ver\u0259c\u0259yik\u2026<\/strong><\/p>\n\n\n\n<figure class=\"wp-block-image size-large\"><img loading=\"lazy\" decoding=\"async\" width=\"768\" height=\"1024\" src=\"http:\/\/veteran.az\/wp-content\/uploads\/2021\/06\/162457372_1427190187673417_1452608591042305596_n-1-768x1024.jpg\" alt=\"\" class=\"wp-image-10825\" srcset=\"https:\/\/veteran.az\/wp-content\/uploads\/2021\/06\/162457372_1427190187673417_1452608591042305596_n-1-768x1024.jpg 768w, https:\/\/veteran.az\/wp-content\/uploads\/2021\/06\/162457372_1427190187673417_1452608591042305596_n-1-225x300.jpg 225w, https:\/\/veteran.az\/wp-content\/uploads\/2021\/06\/162457372_1427190187673417_1452608591042305596_n-1.jpg 960w\" sizes=\"auto, (max-width: 768px) 100vw, 768px\" \/><\/figure>\n","protected":false},"excerpt":{"rendered":"<p>Az\u0259rbaycan Respublikas\u0131 Prezidenti \u0130lham \u018fliyev Az\u0259rbaycan Respublikas\u0131 Silahl\u0131 Q\u00fcvv\u0259l\u0259rinin h\u0259rbi qulluq\u00e7ular\u0131n\u0131n t\u0259ltif edilm\u0259si haqq\u0131nda S\u0259r\u0259ncam&#8230;<\/p>\n","protected":false},"author":3,"featured_media":10826,"comment_status":"closed","ping_status":"closed","sticky":false,"template":"","format":"standard","meta":{"footnotes":""},"categories":[12],"tags":[],"class_list":["post-10821","post","type-post","status-publish","format-standard","has-post-thumbnail","hentry","category-veteran"],"featured_image_urls":{"full":["https:\/\/veteran.az\/wp-content\/uploads\/2021\/06\/modern.az_IMG-20201018-WA0001-576x1024-1_990-576x400-1.jpg",576,400,false],"thumbnail":["https:\/\/veteran.az\/wp-content\/uploads\/2021\/06\/modern.az_IMG-20201018-WA0001-576x1024-1_990-576x400-1-150x150.jpg",150,150,true],"medium":["https:\/\/veteran.az\/wp-content\/uploads\/2021\/06\/modern.az_IMG-20201018-WA0001-576x1024-1_990-576x400-1-300x208.jpg",300,208,true],"medium_large":["https:\/\/veteran.az\/wp-content\/uploads\/2021\/06\/modern.az_IMG-20201018-WA0001-576x1024-1_990-576x400-1.jpg",576,400,false],"large":["https:\/\/veteran.az\/wp-content\/uploads\/2021\/06\/modern.az_IMG-20201018-WA0001-576x1024-1_990-576x400-1.jpg",576,400,false],"1536x1536":["https:\/\/veteran.az\/wp-content\/uploads\/2021\/06\/modern.az_IMG-20201018-WA0001-576x1024-1_990-576x400-1.jpg",576,400,false],"2048x2048":["https:\/\/veteran.az\/wp-content\/uploads\/2021\/06\/modern.az_IMG-20201018-WA0001-576x1024-1_990-576x400-1.jpg",576,400,false],"covernews-slider-full":["https:\/\/veteran.az\/wp-content\/uploads\/2021\/06\/modern.az_IMG-20201018-WA0001-576x1024-1_990-576x400-1.jpg",576,400,false],"covernews-slider-center":["https:\/\/veteran.az\/wp-content\/uploads\/2021\/06\/modern.az_IMG-20201018-WA0001-576x1024-1_990-576x400-1.jpg",576,400,false],"covernews-featured":["https:\/\/veteran.az\/wp-content\/uploads\/2021\/06\/modern.az_IMG-20201018-WA0001-576x1024-1_990-576x400-1.jpg",576,400,false],"covernews-medium":["https:\/\/veteran.az\/wp-content\/uploads\/2021\/06\/modern.az_IMG-20201018-WA0001-576x1024-1_990-576x400-1-576x380.jpg",515,340,true],"covernews-medium-square":["https:\/\/veteran.az\/wp-content\/uploads\/2021\/06\/modern.az_IMG-20201018-WA0001-576x1024-1_990-576x400-1.jpg",360,250,false]},"author_info":{"display_name":"Veteran.az","author_link":"https:\/\/veteran.az\/?author=3"},"category_info":"<a href=\"https:\/\/veteran.az\/?cat=12\" rel=\"category\">Veteran d\u00fcnyas\u0131<\/a>","tag_info":"Veteran d\u00fcnyas\u0131","comment_count":"0","_links":{"self":[{"href":"https:\/\/veteran.az\/index.php?rest_route=\/wp\/v2\/posts\/10821","targetHints":{"allow":["GET"]}}],"collection":[{"href":"https:\/\/veteran.az\/index.php?rest_route=\/wp\/v2\/posts"}],"about":[{"href":"https:\/\/veteran.az\/index.php?rest_route=\/wp\/v2\/types\/post"}],"author":[{"embeddable":true,"href":"https:\/\/veteran.az\/index.php?rest_route=\/wp\/v2\/users\/3"}],"replies":[{"embeddable":true,"href":"https:\/\/veteran.az\/index.php?rest_route=%2Fwp%2Fv2%2Fcomments&post=10821"}],"version-history":[{"count":1,"href":"https:\/\/veteran.az\/index.php?rest_route=\/wp\/v2\/posts\/10821\/revisions"}],"predecessor-version":[{"id":10827,"href":"https:\/\/veteran.az\/index.php?rest_route=\/wp\/v2\/posts\/10821\/revisions\/10827"}],"wp:featuredmedia":[{"embeddable":true,"href":"https:\/\/veteran.az\/index.php?rest_route=\/wp\/v2\/media\/10826"}],"wp:attachment":[{"href":"https:\/\/veteran.az\/index.php?rest_route=%2Fwp%2Fv2%2Fmedia&parent=10821"}],"wp:term":[{"taxonomy":"category","embeddable":true,"href":"https:\/\/veteran.az\/index.php?rest_route=%2Fwp%2Fv2%2Fcategories&post=10821"},{"taxonomy":"post_tag","embeddable":true,"href":"https:\/\/veteran.az\/index.php?rest_route=%2Fwp%2Fv2%2Ftags&post=10821"}],"curies":[{"name":"wp","href":"https:\/\/api.w.org\/{rel}","templated":true}]}}