{"id":10803,"date":"2021-06-24T01:34:36","date_gmt":"2021-06-23T21:34:36","guid":{"rendered":"http:\/\/veteran.az\/?p=10803"},"modified":"2021-06-24T01:34:37","modified_gmt":"2021-06-23T21:34:37","slug":"az%c9%99rbaycana-hec-bir-guz%c9%99st-olmayacaq-general-davtyan","status":"publish","type":"post","link":"https:\/\/veteran.az\/?p=10803","title":{"rendered":"Az\u0259rbaycana he\u00e7 bir g\u00fcz\u0259\u015ft olmayacaq &#8212; General Davtyan"},"content":{"rendered":"\n<p><strong>\u201cRus s\u00fclhm\u0259raml\u0131lar\u0131 Geqarkunik b\u00f6lg\u0259sin\u0259 yerl\u0259\u015fdiril\u0259c\u0259k\u201d.<\/strong><\/p>\n\n\n\n<p>Bunu Erm\u0259nistan Silahl\u0131 Q\u00fcvv\u0259l\u0259ri Ba\u015f Q\u0259rargah\u0131n\u0131n r\u0259isi Artak Davtyan iyunun 22-d\u0259 jurnalistl\u0259r\u0259 m\u00fcsahib\u0259sind\u0259 bildirib.<\/p>\n\n\n\n<p>\u201cRus s\u00fclhm\u0259raml\u0131lar\u0131 Ge\u011farkunik b\u00f6lg\u0259sin\u0259 yerl\u0259\u015fdiril\u0259c\u0259k, prosesl\u0259r davam edir, son q\u0259rar verildikd\u0259 siz\u0259 m\u0259lumat ver\u0259c\u0259yik. N\u0259tic\u0259 yaln\u0131z bizim ist\u0259yimizd\u0259n as\u0131l\u0131 deyil, dan\u0131\u015f\u0131qlar davam edir, qar\u015f\u0131 t\u0259r\u0259f d\u0259 bu dan\u0131\u015f\u0131qlarda i\u015ftirak edir&#187;.<\/p>\n\n\n\n<p>Davtyan vaxt v\u0259 prosesin \u00f6z\u00fc haqq\u0131nda daha sonra m\u0259lumat veril\u0259c\u0259yini s\u00f6yl\u0259yib. \u201cBizim \u0259razimizd\u0259 Az\u0259rbaycandan izn alacaq bir \u015feyimiz yoxdur. Ancaq Rusiya t\u0259r\u0259fi il\u0259 dan\u0131\u015f\u0131qlar apar\u0131l\u0131r, \u00e7\u00fcnki b\u0259zi suallar var. V\u0259zif\u0259miz \u0259razimizd\u0259ki Az\u0259rbaycan b\u00f6lm\u0259l\u0259rini toqqu\u015fmalar olmadan geri \u00e7\u0259km\u0259kdir\u201d.<\/p>\n\n\n\n<p>Ba\u015f Q\u0259rargah r\u0259isind\u0259n Geqarkunik b\u00f6lg\u0259sind\u0259ki b\u0259zi m\u00fcmk\u00fcn g\u00fcz\u0259\u015ftl\u0259r bar\u0259d\u0259 soru\u015fduqda, o, he\u00e7 bir g\u00fcz\u0259\u015ft olmayaca\u011f\u0131n\u0131 v\u0259 Az\u0259rbaycan Silahl\u0131 Q\u00fcvv\u0259l\u0259rinin geri \u00e7\u0259kilm\u0259si m\u0259s\u0259l\u0259si dan\u0131\u015f\u0131qlar yolu il\u0259 h\u0259ll olunmazsa, m\u00fcvafiq h\u0259r\u0259k\u0259tl\u0259rl\u0259 h\u0259ll edil\u0259c\u0259yini bildirib.<\/p>\n\n\n\n<p>Davtyan \u201cErm\u0259nistan \u0259razisind\u0259ki\u201d Az\u0259rbaycan b\u00f6lm\u0259l\u0259rinin t\u0259msil\u00e7il\u0259rinin say\u0131n\u0131n d\u0259yi\u015fm\u0259diyini, haz\u0131rda he\u00e7 bir insident olmad\u0131\u011f\u0131n\u0131 qeyd edib.<\/p>\n\n\n\n<p>M\u0259nb\u0259: Yenisabah<\/p>\n","protected":false},"excerpt":{"rendered":"<p>\u201cRus s\u00fclhm\u0259raml\u0131lar\u0131 Geqarkunik b\u00f6lg\u0259sin\u0259 yerl\u0259\u015fdiril\u0259c\u0259k\u201d. Bunu Erm\u0259nistan Silahl\u0131 Q\u00fcvv\u0259l\u0259ri Ba\u015f Q\u0259rargah\u0131n\u0131n r\u0259isi Artak Davtyan iyunun&#8230;<\/p>\n","protected":false},"author":3,"featured_media":10804,"comment_status":"closed","ping_status":"closed","sticky":false,"template":"","format":"standard","meta":{"footnotes":""},"categories":[10],"tags":[],"class_list":["post-10803","post","type-post","status-publish","format-standard","has-post-thumbnail","hentry","category-avmvib"],"featured_image_urls":{"full":["https:\/\/veteran.az\/wp-content\/uploads\/2021\/06\/photo_465278-1.jpg",545,361,false],"thumbnail":["https:\/\/veteran.az\/wp-content\/uploads\/2021\/06\/photo_465278-1-150x150.jpg",150,150,true],"medium":["https:\/\/veteran.az\/wp-content\/uploads\/2021\/06\/photo_465278-1-300x199.jpg",300,199,true],"medium_large":["https:\/\/veteran.az\/wp-content\/uploads\/2021\/06\/photo_465278-1.jpg",545,361,false],"large":["https:\/\/veteran.az\/wp-content\/uploads\/2021\/06\/photo_465278-1.jpg",545,361,false],"1536x1536":["https:\/\/veteran.az\/wp-content\/uploads\/2021\/06\/photo_465278-1.jpg",545,361,false],"2048x2048":["https:\/\/veteran.az\/wp-content\/uploads\/2021\/06\/photo_465278-1.jpg",545,361,false],"covernews-slider-full":["https:\/\/veteran.az\/wp-content\/uploads\/2021\/06\/photo_465278-1.jpg",545,361,false],"covernews-slider-center":["https:\/\/veteran.az\/wp-content\/uploads\/2021\/06\/photo_465278-1.jpg",545,361,false],"covernews-featured":["https:\/\/veteran.az\/wp-content\/uploads\/2021\/06\/photo_465278-1.jpg",545,361,false],"covernews-medium":["https:\/\/veteran.az\/wp-content\/uploads\/2021\/06\/photo_465278-1.jpg",513,340,false],"covernews-medium-square":["https:\/\/veteran.az\/wp-content\/uploads\/2021\/06\/photo_465278-1.jpg",377,250,false]},"author_info":{"display_name":"Veteran.az","author_link":"https:\/\/veteran.az\/?author=3"},"category_info":"<a href=\"https:\/\/veteran.az\/?cat=10\" rel=\"category\">AVMV\u0130B<\/a>","tag_info":"AVMV\u0130B","comment_count":"0","_links":{"self":[{"href":"https:\/\/veteran.az\/index.php?rest_route=\/wp\/v2\/posts\/10803","targetHints":{"allow":["GET"]}}],"collection":[{"href":"https:\/\/veteran.az\/index.php?rest_route=\/wp\/v2\/posts"}],"about":[{"href":"https:\/\/veteran.az\/index.php?rest_route=\/wp\/v2\/types\/post"}],"author":[{"embeddable":true,"href":"https:\/\/veteran.az\/index.php?rest_route=\/wp\/v2\/users\/3"}],"replies":[{"embeddable":true,"href":"https:\/\/veteran.az\/index.php?rest_route=%2Fwp%2Fv2%2Fcomments&post=10803"}],"version-history":[{"count":1,"href":"https:\/\/veteran.az\/index.php?rest_route=\/wp\/v2\/posts\/10803\/revisions"}],"predecessor-version":[{"id":10805,"href":"https:\/\/veteran.az\/index.php?rest_route=\/wp\/v2\/posts\/10803\/revisions\/10805"}],"wp:featuredmedia":[{"embeddable":true,"href":"https:\/\/veteran.az\/index.php?rest_route=\/wp\/v2\/media\/10804"}],"wp:attachment":[{"href":"https:\/\/veteran.az\/index.php?rest_route=%2Fwp%2Fv2%2Fmedia&parent=10803"}],"wp:term":[{"taxonomy":"category","embeddable":true,"href":"https:\/\/veteran.az\/index.php?rest_route=%2Fwp%2Fv2%2Fcategories&post=10803"},{"taxonomy":"post_tag","embeddable":true,"href":"https:\/\/veteran.az\/index.php?rest_route=%2Fwp%2Fv2%2Ftags&post=10803"}],"curies":[{"name":"wp","href":"https:\/\/api.w.org\/{rel}","templated":true}]}}