{"id":10796,"date":"2021-06-23T01:01:28","date_gmt":"2021-06-22T21:01:28","guid":{"rendered":"http:\/\/veteran.az\/?p=10796"},"modified":"2021-06-23T01:01:29","modified_gmt":"2021-06-22T21:01:29","slug":"araik-hazirda-sulhm%c9%99ramlilarin-n%c9%99zar%c9%99t-etdiyi-%c9%99razil%c9%99rd%c9%99-35-min-erm%c9%99ninin-oldugunu-etiraf-etdi","status":"publish","type":"post","link":"https:\/\/veteran.az\/?p=10796","title":{"rendered":"Araik haz\u0131rda s\u00fclhm\u0259raml\u0131lar\u0131n n\u0259zar\u0259t etdiyi \u0259razil\u0259rd\u0259 35 min erm\u0259ninin oldu\u011funu etiraf etdi"},"content":{"rendered":"\n<p><strong>Se\u00e7kil\u0259rd\u0259 Pa\u015finyan\u0131n q\u0259rargah\u0131nda oldu\u011fu \u00fc\u00e7\u00fcn Xank\u0259ndid\u0259 etirazla qar\u015f\u0131la\u015fan separat\u00e7\u0131lar\u0131n ba\u015f\u00e7\u0131s\u0131 Araik Arutyunyan bunun s\u0259b\u0259bl\u0259rini izah ed\u0259rk\u0259n, \u201cErm\u0259nistana m\u00f6htac olduqlar\u0131n\u0131\u201d deyib v\u0259 ciddi bir fakt\u0131 etiraf edib.<\/strong><\/p>\n\n\n\n<p><strong>\u201cErm\u0259nistanla \u0259laq\u0259l\u0259r qurmadan 35 min \u201cv\u0259t\u0259nda\u015f\u0131n\u201d sosial probleminin h\u0259llini nec\u0259 t\u0259s\u0259vv\u00fcr edirsiniz?\u201d<\/strong> \u2013 separat\u00e7\u0131lar\u0131n ba\u015f\u00e7\u0131s\u0131 bununla Pa\u015finyana d\u0259st\u0259yini izah etm\u0259y\u0259 \u00e7al\u0131\u015f\u0131b.<\/p>\n\n\n\n<p>35 min \u201cv\u0259t\u0259nda\u015f\u201d: Araik haz\u0131rda s\u00fclhm\u0259raml\u0131lar\u0131n n\u0259zar\u0259t etdiyi \u0259razil\u0259rd\u0259 35 min erm\u0259ninin oldu\u011funu etiraf edir.<\/p>\n\n\n\n<p>Halbuki Rusiya M\u00fcdafi\u0259 Nazirliyi v\u0259 separat\u00e7\u0131lar\u0131n yayd\u0131\u011f\u0131 m\u0259lumatlarda bu r\u0259q\u0259m iki d\u0259f\u0259 v\u0259 daha \u00e7ox \u015fi\u015firdilir.<\/p>\n\n\n\n<p>Rusiya M\u00fcdafi\u0259 Nazirliyi: sonuncu d\u0259f\u0259 52700 erm\u0259ninin Qaraba\u011fa qaytar\u0131ld\u0131\u011f\u0131n\u0131 a\u00e7\u0131qlay\u0131b;<\/p>\n\n\n\n<p>Separat\u00e7\u0131lar: 105 min erm\u0259ninin qay\u0131td\u0131\u011f\u0131n\u0131 iddia edirdi.<\/p>\n\n\n\n<p>Bu r\u0259q\u0259ml\u0259rin \u015fi\u015firdildiyi bilirdik, amma Araikin dedikl\u0259rini bunun s\u00fcbutu hesab ed\u0259 bil\u0259rik.<\/p>\n\n\n\n<p>Qaraba\u011fa qay\u0131dan erm\u0259nil\u0259rin bir qisminin veril\u0259n yard\u0131m\u0131 almaq \u00fc\u00e7\u00fcn g\u0259ldiyi, daha sonra geri qay\u0131td\u0131\u011f\u0131 haqda da m\u0259lumatlar var.<\/p>\n\n\n\n<p><strong>Qeyd ed\u0259k ki, h\u0259tta Araikin d\u0259 s\u0259hih r\u0259q\u0259mi dem\u0259diyini iddia ed\u0259 bil\u0259rik. Haz\u0131rda Az\u0259rbaycan\u0131n Qaraba\u011f b\u00f6lg\u0259sinin rus s\u00fclhm\u0259raml\u0131lar\u0131n\u0131n m\u0259suliyy\u0259t zonas\u0131nda olan hiss\u0259sind\u0259 30 min\u0259 q\u0259d\u0259r erm\u0259ninin m\u0259skunla\u015fd\u0131r\u0131ld\u0131\u011f\u0131n\u0131 erm\u0259ni medias\u0131 da bir ne\u00e7\u0259 d\u0259f\u0259 t\u0259krarlay\u0131b.<\/strong><\/p>\n\n\n\n<p>M\u0259nb\u0259: Axar.az<\/p>\n","protected":false},"excerpt":{"rendered":"<p>Se\u00e7kil\u0259rd\u0259 Pa\u015finyan\u0131n q\u0259rargah\u0131nda oldu\u011fu \u00fc\u00e7\u00fcn Xank\u0259ndid\u0259 etirazla qar\u015f\u0131la\u015fan separat\u00e7\u0131lar\u0131n ba\u015f\u00e7\u0131s\u0131 Araik Arutyunyan bunun s\u0259b\u0259bl\u0259rini izah&#8230;<\/p>\n","protected":false},"author":3,"featured_media":10797,"comment_status":"closed","ping_status":"closed","sticky":false,"template":"","format":"standard","meta":{"footnotes":""},"categories":[10],"tags":[],"class_list":["post-10796","post","type-post","status-publish","format-standard","has-post-thumbnail","hentry","category-avmvib"],"featured_image_urls":{"full":["https:\/\/veteran.az\/wp-content\/uploads\/2021\/06\/xdf.jpg",994,450,false],"thumbnail":["https:\/\/veteran.az\/wp-content\/uploads\/2021\/06\/xdf-150x150.jpg",150,150,true],"medium":["https:\/\/veteran.az\/wp-content\/uploads\/2021\/06\/xdf-300x136.jpg",300,136,true],"medium_large":["https:\/\/veteran.az\/wp-content\/uploads\/2021\/06\/xdf-768x348.jpg",640,290,true],"large":["https:\/\/veteran.az\/wp-content\/uploads\/2021\/06\/xdf.jpg",640,290,false],"1536x1536":["https:\/\/veteran.az\/wp-content\/uploads\/2021\/06\/xdf.jpg",994,450,false],"2048x2048":["https:\/\/veteran.az\/wp-content\/uploads\/2021\/06\/xdf.jpg",994,450,false],"covernews-slider-full":["https:\/\/veteran.az\/wp-content\/uploads\/2021\/06\/xdf.jpg",994,450,false],"covernews-slider-center":["https:\/\/veteran.az\/wp-content\/uploads\/2021\/06\/xdf-936x450.jpg",800,385,true],"covernews-featured":["https:\/\/veteran.az\/wp-content\/uploads\/2021\/06\/xdf.jpg",994,450,false],"covernews-medium":["https:\/\/veteran.az\/wp-content\/uploads\/2021\/06\/xdf-720x380.jpg",540,285,true],"covernews-medium-square":["https:\/\/veteran.az\/wp-content\/uploads\/2021\/06\/xdf-675x450.jpg",375,250,true]},"author_info":{"display_name":"Veteran.az","author_link":"https:\/\/veteran.az\/?author=3"},"category_info":"<a href=\"https:\/\/veteran.az\/?cat=10\" rel=\"category\">AVMV\u0130B<\/a>","tag_info":"AVMV\u0130B","comment_count":"0","_links":{"self":[{"href":"https:\/\/veteran.az\/index.php?rest_route=\/wp\/v2\/posts\/10796","targetHints":{"allow":["GET"]}}],"collection":[{"href":"https:\/\/veteran.az\/index.php?rest_route=\/wp\/v2\/posts"}],"about":[{"href":"https:\/\/veteran.az\/index.php?rest_route=\/wp\/v2\/types\/post"}],"author":[{"embeddable":true,"href":"https:\/\/veteran.az\/index.php?rest_route=\/wp\/v2\/users\/3"}],"replies":[{"embeddable":true,"href":"https:\/\/veteran.az\/index.php?rest_route=%2Fwp%2Fv2%2Fcomments&post=10796"}],"version-history":[{"count":1,"href":"https:\/\/veteran.az\/index.php?rest_route=\/wp\/v2\/posts\/10796\/revisions"}],"predecessor-version":[{"id":10798,"href":"https:\/\/veteran.az\/index.php?rest_route=\/wp\/v2\/posts\/10796\/revisions\/10798"}],"wp:featuredmedia":[{"embeddable":true,"href":"https:\/\/veteran.az\/index.php?rest_route=\/wp\/v2\/media\/10797"}],"wp:attachment":[{"href":"https:\/\/veteran.az\/index.php?rest_route=%2Fwp%2Fv2%2Fmedia&parent=10796"}],"wp:term":[{"taxonomy":"category","embeddable":true,"href":"https:\/\/veteran.az\/index.php?rest_route=%2Fwp%2Fv2%2Fcategories&post=10796"},{"taxonomy":"post_tag","embeddable":true,"href":"https:\/\/veteran.az\/index.php?rest_route=%2Fwp%2Fv2%2Ftags&post=10796"}],"curies":[{"name":"wp","href":"https:\/\/api.w.org\/{rel}","templated":true}]}}