{"id":10722,"date":"2021-06-19T00:26:36","date_gmt":"2021-06-18T20:26:36","guid":{"rendered":"http:\/\/veteran.az\/?p=10722"},"modified":"2021-06-19T00:26:37","modified_gmt":"2021-06-18T20:26:37","slug":"az%c9%99rbaycanda-s%c9%99hidl%c9%99rin-v%c9%99-s%c9%99hid-ail%c9%99si-uzvl%c9%99rinin-reyestri-yaradilacaq","status":"publish","type":"post","link":"https:\/\/veteran.az\/?p=10722","title":{"rendered":"Az\u0259rbaycanda \u015f\u0259hidl\u0259rin v\u0259 \u015f\u0259hid ail\u0259si \u00fczvl\u0259rinin reyestri yarad\u0131lacaq"},"content":{"rendered":"\n<p><strong>Prezident \u0130lham \u018fliyev \u201c\u015e\u0259hid ad\u0131n\u0131n \u0259b\u0259dil\u0259\u015fdirilm\u0259si v\u0259 \u015f\u0259hid ail\u0259l\u0259rin\u0259 edil\u0259n g\u00fcz\u0259\u015ftl\u0259r haqq\u0131nda\u201d qanunda d\u0259yi\u015fiklik edilm\u0259si bar\u0259d\u0259 qanunu t\u0259sdiql\u0259yib.<\/strong><\/p>\n\n\n\n<p><a href=\"https:\/\/report.az\/milli-meclis\/azerbaycanda-sehidlerin-ve-sehid-ailesi-uzvlerinin-reyestri-yaradilacaq\/\" target=\"_blank\" rel=\"noreferrer noopener\">&#171;Report&#187;<\/a>un x\u0259b\u0259rin\u0259 g\u00f6r\u0259, d\u0259yi\u015fiklikl\u0259 qanuna a\u015fa\u011f\u0131dak\u0131 m\u0259zmunda d\u00f6rd\u00fcnc\u00fc hiss\u0259 \u0259lav\u0259 edilib:<\/p>\n\n\n\n<p>\u201cM\u00fcvafiq icra hakimiyy\u0259ti orqan\u0131n\u0131n m\u00fc\u0259yy\u0259n etdiyi orqan (qurum) \u015f\u0259hid v\u0259 \u015f\u0259hid ail\u0259si statusu alm\u0131\u015f \u015f\u0259xsl\u0259rin vahid informasiya bazas\u0131n\u0131 yaratmaq m\u0259qs\u0259dil\u0259 m\u00fcvafiq icra hakimiyy\u0259ti orqan\u0131n\u0131n m\u00fc\u0259yy\u0259n etdiyi orqan\u0131n (qurumun) elektron informasiya sistemind\u0259 \u015f\u0259hid v\u0259 \u015f\u0259hid ail\u0259si statusu alm\u0131\u015f \u015f\u0259xsl\u0259rin reyestirini elektron formada apar\u0131r. \u015e\u0259hid v\u0259 \u015f\u0259hid ail\u0259si statusu alm\u0131\u015f \u015f\u0259xsl\u0259rin reyestirinin apar\u0131lmas\u0131 qaydas\u0131 m\u00fcvafiq icra hakimiyy\u0259ti orqan\u0131n\u0131n m\u00fc\u0259yy\u0259n etdiyi orqan (qurum) t\u0259r\u0259find\u0259n m\u00fc\u0259yy\u0259n edilir\u201d.<\/p>\n\n\n\n<p>S\u0259n\u0259din qeyd hiss\u0259sind\u0259 bildirilir ki, Az\u0259rbaycan Respublikas\u0131n\u0131n i\u015f\u011faldan azad edilmi\u015f \u0259razil\u0259rind\u0259 sosial-iqtisadi, humanitar, t\u0259\u015fkilati v\u0259 dig\u0259r t\u0259xir\u0259sal\u0131nmaz m\u0259s\u0259l\u0259l\u0259rin h\u0259lli, el\u0259c\u0259 d\u0259 bu sah\u0259d\u0259 f\u0259aliyy\u0259tin \u0259laq\u0259l\u0259ndirilm\u0259si m\u0259qs\u0259dil\u0259 \u201cAz\u0259rbaycan Respublikas\u0131n\u0131n i\u015f\u011faldan azad edilmi\u015f \u0259razil\u0259rind\u0259 m\u0259s\u0259l\u0259l\u0259rin m\u0259rk\u0259zl\u0259\u015fdirilmi\u015f qaydada h\u0259lli il\u0259 ba\u011fl\u0131 \u018flaq\u0259l\u0259ndirm\u0259 Q\u0259rargah\u0131n\u0131n yarad\u0131lmas\u0131 haqq\u0131nda\u201d Az\u0259rbaycan Respublikas\u0131 Prezidentinin S\u0259r\u0259ncam\u0131na uy\u011fun olaraq yarad\u0131lm\u0131\u015f i\u015f\u00e7i qrupunun m\u00fcvafiq q\u0259rar\u0131na \u0259sas\u0259n \u015f\u0259hidl\u0259r, \u015f\u0259hid ail\u0259 \u00fczvl\u0259ri, m\u00fcharib\u0259 il\u0259 \u0259laq\u0259dar \u0259lilliyi olan \u015f\u0259xsl\u0259r v\u0259 m\u00fcharib\u0259 veteranlar\u0131 bar\u0259d\u0259 vahid informasiya bazas\u0131n\u0131n yarad\u0131lmas\u0131 n\u0259z\u0259rd\u0259 tutulur.<\/p>\n\n\n\n<p>\u015e\u0259hid v\u0259 \u015f\u0259hid ail\u0259si statusu alm\u0131\u015f \u015f\u0259xsl\u0259rin reyestrinin haz\u0131rlanmas\u0131nda \u0259sas m\u0259qs\u0259d haz\u0131rki tarix\u0259d\u0259k verilmi\u015f v\u0259 bundan sonra veril\u0259 bil\u0259c\u0259k statuslar \u0259sas\u0131nda \u015f\u0259hidl\u0259r, \u015f\u0259hid ail\u0259 \u00fczvl\u0259ri bar\u0259d\u0259 vahid informasiya bazas\u0131n\u0131n yarad\u0131lmas\u0131, m\u00fcvafiq m\u0259lumatlar\u0131n toplan\u0131lmas\u0131, saxlan\u0131lmas\u0131 v\u0259 axtar\u0131\u015f\u0131n\u0131n avtomatla\u015fd\u0131r\u0131lmas\u0131n\u0131n t\u0259min edilm\u0259sidir. Reyestrin t\u0259\u015fkili g\u0259l\u0259c\u0259kd\u0259 status verilmi\u015f \u015f\u0259xsl\u0259rin say\u0131n\u0131n d\u0259qiql\u0259\u015fdirilm\u0259si, onlar\u0131n u\u00e7otunun apar\u0131lmas\u0131, \u015f\u0259xsl\u0259rin (ail\u0259 \u00fczvl\u0259rinin) statuslar\u0131 haqq\u0131nda ka\u011f\u0131z da\u015f\u0131y\u0131c\u0131larda olan m\u00fcvafiq v\u0259siq\u0259l\u0259rd\u0259n imtina edilm\u0259si, onlar\u0131n d\u00f6vl\u0259t orqanlar\u0131na m\u00fcraci\u0259tl\u0259ri zaman\u0131 statuslar\u0131n\u0131n onlayn rejimd\u0259 m\u00fc\u0259yy\u0259n edilm\u0259si, habel\u0259 sosial t\u0259minat h\u00fcquqlar\u0131na proaktiv qaydada bax\u0131lmas\u0131 imkanlar\u0131 yaradacaqd\u0131r.<\/p>\n","protected":false},"excerpt":{"rendered":"<p>Prezident \u0130lham \u018fliyev \u201c\u015e\u0259hid ad\u0131n\u0131n \u0259b\u0259dil\u0259\u015fdirilm\u0259si v\u0259 \u015f\u0259hid ail\u0259l\u0259rin\u0259 edil\u0259n g\u00fcz\u0259\u015ftl\u0259r haqq\u0131nda\u201d qanunda d\u0259yi\u015fiklik edilm\u0259si&#8230;<\/p>\n","protected":false},"author":3,"featured_media":10723,"comment_status":"closed","ping_status":"closed","sticky":false,"template":"","format":"standard","meta":{"footnotes":""},"categories":[5],"tags":[],"class_list":["post-10722","post","type-post","status-publish","format-standard","has-post-thumbnail","hentry","category-sosial"],"featured_image_urls":{"full":["https:\/\/veteran.az\/wp-content\/uploads\/2021\/06\/9d34c9dc-abd3-3435-81af-7bfaa6b155bf_850.jpg",850,530,false],"thumbnail":["https:\/\/veteran.az\/wp-content\/uploads\/2021\/06\/9d34c9dc-abd3-3435-81af-7bfaa6b155bf_850-150x150.jpg",150,150,true],"medium":["https:\/\/veteran.az\/wp-content\/uploads\/2021\/06\/9d34c9dc-abd3-3435-81af-7bfaa6b155bf_850-300x187.jpg",300,187,true],"medium_large":["https:\/\/veteran.az\/wp-content\/uploads\/2021\/06\/9d34c9dc-abd3-3435-81af-7bfaa6b155bf_850-768x479.jpg",640,399,true],"large":["https:\/\/veteran.az\/wp-content\/uploads\/2021\/06\/9d34c9dc-abd3-3435-81af-7bfaa6b155bf_850.jpg",640,399,false],"1536x1536":["https:\/\/veteran.az\/wp-content\/uploads\/2021\/06\/9d34c9dc-abd3-3435-81af-7bfaa6b155bf_850.jpg",850,530,false],"2048x2048":["https:\/\/veteran.az\/wp-content\/uploads\/2021\/06\/9d34c9dc-abd3-3435-81af-7bfaa6b155bf_850.jpg",850,530,false],"covernews-slider-full":["https:\/\/veteran.az\/wp-content\/uploads\/2021\/06\/9d34c9dc-abd3-3435-81af-7bfaa6b155bf_850.jpg",850,530,false],"covernews-slider-center":["https:\/\/veteran.az\/wp-content\/uploads\/2021\/06\/9d34c9dc-abd3-3435-81af-7bfaa6b155bf_850.jpg",800,500,false],"covernews-featured":["https:\/\/veteran.az\/wp-content\/uploads\/2021\/06\/9d34c9dc-abd3-3435-81af-7bfaa6b155bf_850.jpg",850,530,false],"covernews-medium":["https:\/\/veteran.az\/wp-content\/uploads\/2021\/06\/9d34c9dc-abd3-3435-81af-7bfaa6b155bf_850-720x380.jpg",540,285,true],"covernews-medium-square":["https:\/\/veteran.az\/wp-content\/uploads\/2021\/06\/9d34c9dc-abd3-3435-81af-7bfaa6b155bf_850-675x450.jpg",375,250,true]},"author_info":{"display_name":"Veteran.az","author_link":"https:\/\/veteran.az\/?author=3"},"category_info":"<a href=\"https:\/\/veteran.az\/?cat=5\" rel=\"category\">Sosial<\/a>","tag_info":"Sosial","comment_count":"0","_links":{"self":[{"href":"https:\/\/veteran.az\/index.php?rest_route=\/wp\/v2\/posts\/10722","targetHints":{"allow":["GET"]}}],"collection":[{"href":"https:\/\/veteran.az\/index.php?rest_route=\/wp\/v2\/posts"}],"about":[{"href":"https:\/\/veteran.az\/index.php?rest_route=\/wp\/v2\/types\/post"}],"author":[{"embeddable":true,"href":"https:\/\/veteran.az\/index.php?rest_route=\/wp\/v2\/users\/3"}],"replies":[{"embeddable":true,"href":"https:\/\/veteran.az\/index.php?rest_route=%2Fwp%2Fv2%2Fcomments&post=10722"}],"version-history":[{"count":1,"href":"https:\/\/veteran.az\/index.php?rest_route=\/wp\/v2\/posts\/10722\/revisions"}],"predecessor-version":[{"id":10724,"href":"https:\/\/veteran.az\/index.php?rest_route=\/wp\/v2\/posts\/10722\/revisions\/10724"}],"wp:featuredmedia":[{"embeddable":true,"href":"https:\/\/veteran.az\/index.php?rest_route=\/wp\/v2\/media\/10723"}],"wp:attachment":[{"href":"https:\/\/veteran.az\/index.php?rest_route=%2Fwp%2Fv2%2Fmedia&parent=10722"}],"wp:term":[{"taxonomy":"category","embeddable":true,"href":"https:\/\/veteran.az\/index.php?rest_route=%2Fwp%2Fv2%2Fcategories&post=10722"},{"taxonomy":"post_tag","embeddable":true,"href":"https:\/\/veteran.az\/index.php?rest_route=%2Fwp%2Fv2%2Ftags&post=10722"}],"curies":[{"name":"wp","href":"https:\/\/api.w.org\/{rel}","templated":true}]}}