{"id":10719,"date":"2021-06-18T20:54:23","date_gmt":"2021-06-18T16:54:23","guid":{"rendered":"http:\/\/veteran.az\/?p=10719"},"modified":"2021-06-18T20:54:25","modified_gmt":"2021-06-18T16:54:25","slug":"qarabag-z%c9%99f%c9%99rinin-qalibl%c9%99ri-%c9%99rdoganla-gorusdul%c9%99r","status":"publish","type":"post","link":"https:\/\/veteran.az\/?p=10719","title":{"rendered":"\u201cQaraba\u011f Z\u0259f\u0259ri\u201dnin qalibl\u0259ri \u018frdo\u011fanla g\u00f6r\u00fc\u015fd\u00fcl\u0259r"},"content":{"rendered":"\n<p><strong>Az\u0259rbaycan Respublikas\u0131n\u0131n G\u0259ncl\u0259r Fondu v\u0259 T\u00fcrkiy\u0259 G\u0259ncl\u0259r Fondunun (T\u00dcGVA) birg\u0259 h\u0259yata ke\u00e7irdiyi \u201cQaraba\u011f Z\u0259f\u0259ri\u201d r\u0259sm m\u00fcsabiq\u0259sinin az\u0259rbaycanl\u0131 g\u0259nc qalibl\u0259ri T\u00fcrkiy\u0259y\u0259 s\u0259f\u0259r\u0259 yollan\u0131blar.<\/strong><\/p>\n\n\n\n<p>G\u0259ncl\u0259r Fondundan&nbsp;bildirilib ki, h\u0259m\u00e7inin, bu h\u0259ft\u0259 m\u00fcsabiq\u0259nin qalibi se\u00e7ilmi\u015f t\u00fcrkiy\u0259li g\u0259ncl\u0259r \u00f6lk\u0259miz\u0259 s\u0259f\u0259r edibl\u0259r. Onlar\u0131n Bak\u0131da \u015e\u0259hidl\u0259r v\u0259 F\u0259xri Xiyaban\u0131, H\u0259rbi Q\u0259nim\u0259tl\u0259r Park\u0131, Heyd\u0259r \u018fliyev M\u0259rk\u0259zi, Az\u0259rbaycan Milli Xal\u00e7a Muzeyi, Az\u0259rbaycan Milli \u0130nc\u0259s\u0259n\u0259t Muzeyin\u0259 ziyar\u0259tl\u0259ri t\u0259\u015fkil olunub. N\u00f6vb\u0259ti g\u00fcn G\u0259nc\u0259 \u015f\u0259h\u0259rin\u0259 yola d\u00fc\u015f\u0259n qonaqlar Nizami G\u0259nc\u0259vi m\u0259qb\u0259r\u0259si, Az\u0259rbaycan Xalq C\u00fcmhuriyy\u0259ti Muzeyi, \u0130mamzad\u0259 dini kompleksin\u0259 ziyar\u0259t edibl\u0259r.<\/p>\n\n\n\n<p>\u201cQaraba\u011f Z\u0259f\u0259ri\u201d m\u00fcsabiq\u0259sinin qalib t\u00fcrkiy\u0259li v\u0259 az\u0259rbaycanl\u0131 g\u0259ncl\u0259r eyni zamanda \u00f6lk\u0259mizd\u0259 s\u0259f\u0259rd\u0259 olan T\u00fcrkiy\u0259 Prezidenti c\u0259nab Receb Tayyib \u018frdo\u011fanla g\u00f6r\u00fc\u015f\u00fcbl\u0259r.<\/p>\n\n\n\n<p>Qeyd ed\u0259k ki, elan olunmu\u015f r\u0259sm m\u00fcsabiq\u0259si \u015fanl\u0131 ordumuzun Ali Ba\u015f Komandan \u0130lham \u018fliyevin r\u0259hb\u0259rliyi il\u0259 qazan\u0131lan \u015eanl\u0131 Z\u0259f\u0259r\u0259 h\u0259sr olunub, \u0259sas m\u0259qs\u0259di Qaraba\u011f Z\u0259f\u0259rini t\u00fcrkiy\u0259li v\u0259 az\u0259rbaycanl\u0131 g\u0259ncl\u0259rin g\u00f6z\u00fc il\u0259 t\u0259c\u0259ss\u00fcm etm\u0259kP v\u0259 h\u0259r iki \u00f6lk\u0259 g\u0259ncl\u0259ri aras\u0131nda qarda\u015fl\u0131q duy\u011fular\u0131n\u0131 daha da m\u00f6hk\u0259ml\u0259ndirm\u0259k idi. Az\u0259rbaycan Respublikas\u0131n\u0131n G\u0259ncl\u0259r Fondu v\u0259 T\u00fcrkiy\u0259 G\u0259ncl\u0259r Fondu (T\u00dcGVA) bu il d\u0259 h\u0259r iki \u00f6lk\u0259nin g\u0259ncl\u0259ri \u00fc\u00e7\u00fcn ortaq layih\u0259l\u0259rin h\u0259yata ke\u00e7iril\u0259c\u0259yini bildiribl\u0259r.<\/p>\n","protected":false},"excerpt":{"rendered":"<p>Az\u0259rbaycan Respublikas\u0131n\u0131n G\u0259ncl\u0259r Fondu v\u0259 T\u00fcrkiy\u0259 G\u0259ncl\u0259r Fondunun (T\u00dcGVA) birg\u0259 h\u0259yata ke\u00e7irdiyi \u201cQaraba\u011f Z\u0259f\u0259ri\u201d r\u0259sm&#8230;<\/p>\n","protected":false},"author":3,"featured_media":10720,"comment_status":"closed","ping_status":"closed","sticky":false,"template":"","format":"standard","meta":{"footnotes":""},"categories":[6],"tags":[],"class_list":["post-10719","post","type-post","status-publish","format-standard","has-post-thumbnail","hentry","category-cmiyyt"],"featured_image_urls":{"full":["https:\/\/veteran.az\/wp-content\/uploads\/2021\/06\/erdoganqorush18062101.jpg",800,531,false],"thumbnail":["https:\/\/veteran.az\/wp-content\/uploads\/2021\/06\/erdoganqorush18062101-150x150.jpg",150,150,true],"medium":["https:\/\/veteran.az\/wp-content\/uploads\/2021\/06\/erdoganqorush18062101-300x199.jpg",300,199,true],"medium_large":["https:\/\/veteran.az\/wp-content\/uploads\/2021\/06\/erdoganqorush18062101-768x510.jpg",640,425,true],"large":["https:\/\/veteran.az\/wp-content\/uploads\/2021\/06\/erdoganqorush18062101.jpg",640,425,false],"1536x1536":["https:\/\/veteran.az\/wp-content\/uploads\/2021\/06\/erdoganqorush18062101.jpg",800,531,false],"2048x2048":["https:\/\/veteran.az\/wp-content\/uploads\/2021\/06\/erdoganqorush18062101.jpg",800,531,false],"covernews-slider-full":["https:\/\/veteran.az\/wp-content\/uploads\/2021\/06\/erdoganqorush18062101.jpg",800,531,false],"covernews-slider-center":["https:\/\/veteran.az\/wp-content\/uploads\/2021\/06\/erdoganqorush18062101.jpg",753,500,false],"covernews-featured":["https:\/\/veteran.az\/wp-content\/uploads\/2021\/06\/erdoganqorush18062101.jpg",800,531,false],"covernews-medium":["https:\/\/veteran.az\/wp-content\/uploads\/2021\/06\/erdoganqorush18062101-720x380.jpg",540,285,true],"covernews-medium-square":["https:\/\/veteran.az\/wp-content\/uploads\/2021\/06\/erdoganqorush18062101-675x450.jpg",375,250,true]},"author_info":{"display_name":"Veteran.az","author_link":"https:\/\/veteran.az\/?author=3"},"category_info":"<a href=\"https:\/\/veteran.az\/?cat=6\" rel=\"category\">C\u0259miyy\u0259t<\/a>","tag_info":"C\u0259miyy\u0259t","comment_count":"0","_links":{"self":[{"href":"https:\/\/veteran.az\/index.php?rest_route=\/wp\/v2\/posts\/10719","targetHints":{"allow":["GET"]}}],"collection":[{"href":"https:\/\/veteran.az\/index.php?rest_route=\/wp\/v2\/posts"}],"about":[{"href":"https:\/\/veteran.az\/index.php?rest_route=\/wp\/v2\/types\/post"}],"author":[{"embeddable":true,"href":"https:\/\/veteran.az\/index.php?rest_route=\/wp\/v2\/users\/3"}],"replies":[{"embeddable":true,"href":"https:\/\/veteran.az\/index.php?rest_route=%2Fwp%2Fv2%2Fcomments&post=10719"}],"version-history":[{"count":1,"href":"https:\/\/veteran.az\/index.php?rest_route=\/wp\/v2\/posts\/10719\/revisions"}],"predecessor-version":[{"id":10721,"href":"https:\/\/veteran.az\/index.php?rest_route=\/wp\/v2\/posts\/10719\/revisions\/10721"}],"wp:featuredmedia":[{"embeddable":true,"href":"https:\/\/veteran.az\/index.php?rest_route=\/wp\/v2\/media\/10720"}],"wp:attachment":[{"href":"https:\/\/veteran.az\/index.php?rest_route=%2Fwp%2Fv2%2Fmedia&parent=10719"}],"wp:term":[{"taxonomy":"category","embeddable":true,"href":"https:\/\/veteran.az\/index.php?rest_route=%2Fwp%2Fv2%2Fcategories&post=10719"},{"taxonomy":"post_tag","embeddable":true,"href":"https:\/\/veteran.az\/index.php?rest_route=%2Fwp%2Fv2%2Ftags&post=10719"}],"curies":[{"name":"wp","href":"https:\/\/api.w.org\/{rel}","templated":true}]}}