{"id":10693,"date":"2021-06-17T09:26:51","date_gmt":"2021-06-17T05:26:51","guid":{"rendered":"http:\/\/veteran.az\/?p=10693"},"modified":"2021-06-17T09:26:52","modified_gmt":"2021-06-17T05:26:52","slug":"milli-q%c9%99hr%c9%99man-%c9%99liyar-%c9%99liyevin-m%c9%99zari-b%c9%99rpa-olundu","status":"publish","type":"post","link":"https:\/\/veteran.az\/?p=10693","title":{"rendered":"Milli Q\u0259hr\u0259man \u018fliyar \u018fliyevin m\u0259zar\u0131 b\u0259rpa olundu"},"content":{"rendered":"\n<p><strong>Az\u0259rbaycan\u0131n Milli Q\u0259hr\u0259man\u0131 \u018fliyar \u018fliyevin Qubadl\u0131n\u0131n Q\u0259zyan k\u0259ndind\u0259 erm\u0259nil\u0259r t\u0259r\u0259find\u0259n da\u011f\u0131d\u0131lm\u0131\u015f m\u0259zar\u0131 b\u0259rpa olunub.<\/strong><\/p>\n\n\n\n<p>Bu bar\u0259d\u0259 sosial \u015f\u0259b\u0259k\u0259l\u0259rd\u0259 foto payla\u015f\u0131l\u0131b.<\/p>\n\n\n\n<p>Qeyd ed\u0259k ki, \u018f.\u018fliyev 1957-ci ild\u0259 dekabr\u0131n 14-d\u0259 Qubadl\u0131 rayonunun Q\u0259zyan k\u0259ndind\u0259 anadan olub.<\/p>\n\n\n\n<p>Qaraba\u011f m\u00fcharib\u0259si ba\u015flayanda \u018f.\u018fliyev k\u00f6n\u00fcll\u00fc olaraq Az\u0259rbaycan Silahl\u0131 Q\u00fcvv\u0259l\u0259rinin s\u0131ralar\u0131na qo\u015fulub. \u018fvv\u0259lc\u0259 taborun k\u0259\u015ffiyyat b\u00f6lm\u0259sinin komandiri, sonra tabor komandirinin t\u0259chizat \u00fczr\u0259 m\u00fcavini t\u0259yin edilib.<\/p>\n\n\n\n<p>1992-ci il sentyabr\u0131n 30-da La\u00e7\u0131n rayonu istiqam\u0259tind\u0259 d\u00f6y\u00fc\u015f\u0259 r\u0259hb\u0259rlik edib.<\/p>\n\n\n\n<p>O, h\u0259min ilin pay\u0131z\u0131nda 40 k\u00f6n\u00fcll\u00fc d\u00f6y\u00fc\u015f\u00e7\u00fc il\u0259 birlikd\u0259 i\u015f\u011fal alt\u0131ndak\u0131 La\u00e7\u0131n\u0131n 40-a q\u0259d\u0259r k\u0259ndini d\u00f6rd g\u00fcn \u0259rzind\u0259 erm\u0259nil\u0259rd\u0259n azad edib.<\/p>\n\n\n\n<p>Milli Q\u0259hr\u0259man\u0131n son d\u00f6y\u00fc\u015f\u00fc 1992-ci il oktyabr\u0131n 3-d\u0259 La\u00e7\u0131n\u0131n iki kilometrliyind\u0259 olub.<\/p>\n\n\n\n<p>\u201cTikanl\u0131 z\u0259mi\u201d y\u00fcks\u0259kliyi u\u011frunda d\u00f6y\u00fc\u015fd\u0259 tabor komandiri \u018fliyar \u018fliyev v\u0259 onun s\u00fcr\u00fcc\u00fcs\u00fc \u018flisad\u0259t A\u011fayev q\u0259hr\u0259mancas\u0131na h\u0259lak olublar. O, Qubadl\u0131 rayonunun Q\u0259zyan k\u0259ndind\u0259 d\u0259fn olunub.<\/p>\n\n\n\n<figure class=\"wp-block-image size-large is-resized\"><img loading=\"lazy\" decoding=\"async\" src=\"http:\/\/veteran.az\/wp-content\/uploads\/2021\/06\/201122987_1253243291775456_830983289930982514_n.jpg\" alt=\"\" class=\"wp-image-10694\" width=\"576\" height=\"1249\" srcset=\"https:\/\/veteran.az\/wp-content\/uploads\/2021\/06\/201122987_1253243291775456_830983289930982514_n.jpg 272w, https:\/\/veteran.az\/wp-content\/uploads\/2021\/06\/201122987_1253243291775456_830983289930982514_n-138x300.jpg 138w\" sizes=\"auto, (max-width: 576px) 100vw, 576px\" \/><\/figure>\n","protected":false},"excerpt":{"rendered":"<p>Az\u0259rbaycan\u0131n Milli Q\u0259hr\u0259man\u0131 \u018fliyar \u018fliyevin Qubadl\u0131n\u0131n Q\u0259zyan k\u0259ndind\u0259 erm\u0259nil\u0259r t\u0259r\u0259find\u0259n da\u011f\u0131d\u0131lm\u0131\u015f m\u0259zar\u0131 b\u0259rpa olunub. Bu&#8230;<\/p>\n","protected":false},"author":3,"featured_media":10695,"comment_status":"closed","ping_status":"closed","sticky":false,"template":"","format":"standard","meta":{"footnotes":""},"categories":[6],"tags":[],"class_list":["post-10693","post","type-post","status-publish","format-standard","has-post-thumbnail","hentry","category-cmiyyt"],"featured_image_urls":{"full":["https:\/\/veteran.az\/wp-content\/uploads\/2021\/06\/FotoJet.jpg",620,458,false],"thumbnail":["https:\/\/veteran.az\/wp-content\/uploads\/2021\/06\/FotoJet-150x150.jpg",150,150,true],"medium":["https:\/\/veteran.az\/wp-content\/uploads\/2021\/06\/FotoJet-300x222.jpg",300,222,true],"medium_large":["https:\/\/veteran.az\/wp-content\/uploads\/2021\/06\/FotoJet.jpg",620,458,false],"large":["https:\/\/veteran.az\/wp-content\/uploads\/2021\/06\/FotoJet.jpg",620,458,false],"1536x1536":["https:\/\/veteran.az\/wp-content\/uploads\/2021\/06\/FotoJet.jpg",620,458,false],"2048x2048":["https:\/\/veteran.az\/wp-content\/uploads\/2021\/06\/FotoJet.jpg",620,458,false],"covernews-slider-full":["https:\/\/veteran.az\/wp-content\/uploads\/2021\/06\/FotoJet.jpg",620,458,false],"covernews-slider-center":["https:\/\/veteran.az\/wp-content\/uploads\/2021\/06\/FotoJet.jpg",620,458,false],"covernews-featured":["https:\/\/veteran.az\/wp-content\/uploads\/2021\/06\/FotoJet.jpg",620,458,false],"covernews-medium":["https:\/\/veteran.az\/wp-content\/uploads\/2021\/06\/FotoJet-620x380.jpg",540,331,true],"covernews-medium-square":["https:\/\/veteran.az\/wp-content\/uploads\/2021\/06\/FotoJet-620x450.jpg",344,250,true]},"author_info":{"display_name":"Veteran.az","author_link":"https:\/\/veteran.az\/?author=3"},"category_info":"<a href=\"https:\/\/veteran.az\/?cat=6\" rel=\"category\">C\u0259miyy\u0259t<\/a>","tag_info":"C\u0259miyy\u0259t","comment_count":"0","_links":{"self":[{"href":"https:\/\/veteran.az\/index.php?rest_route=\/wp\/v2\/posts\/10693","targetHints":{"allow":["GET"]}}],"collection":[{"href":"https:\/\/veteran.az\/index.php?rest_route=\/wp\/v2\/posts"}],"about":[{"href":"https:\/\/veteran.az\/index.php?rest_route=\/wp\/v2\/types\/post"}],"author":[{"embeddable":true,"href":"https:\/\/veteran.az\/index.php?rest_route=\/wp\/v2\/users\/3"}],"replies":[{"embeddable":true,"href":"https:\/\/veteran.az\/index.php?rest_route=%2Fwp%2Fv2%2Fcomments&post=10693"}],"version-history":[{"count":1,"href":"https:\/\/veteran.az\/index.php?rest_route=\/wp\/v2\/posts\/10693\/revisions"}],"predecessor-version":[{"id":10696,"href":"https:\/\/veteran.az\/index.php?rest_route=\/wp\/v2\/posts\/10693\/revisions\/10696"}],"wp:featuredmedia":[{"embeddable":true,"href":"https:\/\/veteran.az\/index.php?rest_route=\/wp\/v2\/media\/10695"}],"wp:attachment":[{"href":"https:\/\/veteran.az\/index.php?rest_route=%2Fwp%2Fv2%2Fmedia&parent=10693"}],"wp:term":[{"taxonomy":"category","embeddable":true,"href":"https:\/\/veteran.az\/index.php?rest_route=%2Fwp%2Fv2%2Fcategories&post=10693"},{"taxonomy":"post_tag","embeddable":true,"href":"https:\/\/veteran.az\/index.php?rest_route=%2Fwp%2Fv2%2Ftags&post=10693"}],"curies":[{"name":"wp","href":"https:\/\/api.w.org\/{rel}","templated":true}]}}