{"id":10688,"date":"2021-06-16T20:52:00","date_gmt":"2021-06-16T16:52:00","guid":{"rendered":"http:\/\/veteran.az\/?p=10688"},"modified":"2021-06-16T20:57:36","modified_gmt":"2021-06-16T16:57:36","slug":"ulu-ond%c9%99r-heyd%c9%99r-%c9%99liyevin-xalqimiz-v%c9%99-dovl%c9%99timiz-qarsisindaki-xidm%c9%99tl%c9%99ri-unudulmazdir","status":"publish","type":"post","link":"https:\/\/veteran.az\/?p=10688","title":{"rendered":"Ulu \u00d6nd\u0259r Heyd\u0259r \u018fliyevin xalq\u0131m\u0131z v\u0259 d\u00f6vl\u0259timiz qar\u015f\u0131s\u0131ndak\u0131 xidm\u0259tl\u0259ri unudulmazd\u0131r!.."},"content":{"rendered":"\n<p><strong>Bildiyimiz kimi, Ulu \u00d6nd\u0259r Heyd\u0259r \u018fliyevin Az\u0259rbaycan d\u00f6vl\u0259tinin v\u0259 xalq\u0131n\u0131n xilas\u0131 missiyas\u0131n\u0131 \u00f6z \u00fcz\u0259rin\u0259 g\u00f6t\u00fcrm\u00fc\u015fd\u00fc. 9 iyun 1993c\u00fc il tarixind\u0259 xalq\u0131n t\u0259l\u0259bi il\u0259 Nax\u00e7\u0131vandan Bak\u0131ya g\u0259l\u0259n Heyd\u0259r \u018fliyev 15 iyun 1993-c\u00fc il tarixind\u0259 Az\u0259rbaycan Respublikas\u0131 Ali Sovetinin s\u0259dri se\u00e7ildi. <\/strong><\/p>\n\n\n\n<p>Bununla da Ali Sovet xalq\u0131n Heyd\u0259r \u018fliyevd\u0259n g\u00f6zl\u0259diyi missiyan\u0131 r\u0259smil\u0259\u015fdirdi. 1997ci ild\u0259 is\u0259 Az\u0259rbaycan Respublikas\u0131n\u0131n Milli M\u0259clisi bu missiyan\u0131n Milli Qurtulu\u015f missiyas\u0131 olmas\u0131n\u0131 t\u0259sbit etdi. Bu tarixin Milli Qurtulu\u015f G\u00fcn\u00fc olmas\u0131 xalq\u0131m\u0131z\u0131n Ulu \u00d6nd\u0259r Heyd\u0259r \u018fliyevin Az\u0259rbaycan r\u0259hb\u0259rliyin\u0259 yenid\u0259n qay\u0131d\u0131\u015f\u0131na verdiyi d\u00fczg\u00fcn, \u0259dal\u0259tli v\u0259 obyektiv qiym\u0259ti \u0259ks etdirir. Ulu \u00d6nd\u0259rin tarixi missiyas\u0131 \u00fc\u00e7 m\u00fch\u00fcm amil\u0259 s\u00f6yk\u0259nirdi: <\/p>\n\n\n\n<p>Xalq\u0131n Heyd\u0259r \u018fliyev\u0259 olan m\u00f6hk\u0259m v\u0259 sars\u0131lmaz inam\u0131, d\u0259st\u0259yi; <\/p>\n\n\n\n<p>Heyd\u0259r \u018fliyev \u015f\u0259xsiyy\u0259tinin b\u00f6y\u00fckl\u00fcy\u00fc, q\u00fcdr\u0259ti, \u0259z\u0259m\u0259ti; <\/p>\n\n\n\n<p>Heyd\u0259r \u018fliyevin m\u0259nsub oldu\u011fu Az\u0259rbaycan xalq\u0131na, V\u0259t\u0259nin\u0259 sonsuz v\u0259 t\u0259m\u0259nnas\u0131z sevgisi. <\/p>\n\n\n\n<p>He\u00e7 kim\u0259 sirr deyildi ki, Az\u0259rbaycan d\u00f6vl\u0259t\u00e7iliyi m\u0259hv olmaq t\u0259hl\u00fck\u0259si il\u0259 \u00fczl\u0259\u015fmi\u015fdi. AXC-M\u00fcsavat iqtidar\u0131n\u0131n s\u0259ri\u015ft\u0259sizliyi, d\u00f6vl\u0259t idar\u0259\u00e7iliyi sisteminin olmamas\u0131, \u00f6lk\u0259d\u0259 f\u0259aliyy\u0259t g\u00f6st\u0259r\u0259n silahl\u0131 d\u0259st\u0259l\u0259rin 1993-\u0441\u00fc ilin \u0259vv\u0259ll\u0259rind\u0259n ba\u015flayaraq yol verdikl\u0259ri ba\u015f\u0131pozuq \u0259m\u0259ll\u0259r, \u00f6lk\u0259mizin ayr\u0131-ayr\u0131 b\u00f6lg\u0259l\u0259rind\u0259 separat\u00e7\u0131l\u0131q v\u0259 par\u00e7alanma meyll\u0259rinin ba\u015f qald\u0131rmas\u0131 v\u0259 b\u00fct\u00fcn bunlar\u0131n Az\u0259rbaycan\u0131n daxilind\u0259 qarda\u015f q\u0131r\u011f\u0131n\u0131 v\u0259 v\u0259t\u0259nda\u015f m\u00fcharib\u0259sin\u0259 z\u0259min yaratmas\u0131 Az\u0259rbaycan\u0131 bir d\u00f6vl\u0259t kimi m\u0259hv olmaq t\u0259hl\u00fck\u0259si il\u0259 \u00fcz-\u00fcz\u0259 qoymu\u015fdu. <\/p>\n\n\n\n<p>AXC-M\u00fcsavat c\u00fctl\u00fcy\u00fc yaln\u0131z hakimiyy\u0259ti saxlama\u011f\u0131 d\u00fc\u015f\u00fcn\u0259r\u0259k \u00f6lk\u0259miz\u0259 b\u0259la, faci\u0259 g\u0259tirmi\u015f, g\u00fcnahs\u0131z insanlar\u0131n h\u0259lak olmas\u0131na \u015f\u0259rait yaratm\u0131\u015fd\u0131r. D\u00f6vl\u0259t \u0259mlak\u0131n\u0131n talan edilm\u0259si xalq\u0131 ac\u0131nacaql\u0131 duruma salm\u0131\u015fd\u0131. \u00d6lk\u0259 tamamil\u0259 idar\u0259olunmaz v\u0259ziyy\u0259td\u0259 idi. K\u00f6hn\u0259 partnomenklatura dem\u0259k olar ki, tamamil\u0259 iflic v\u0259ziyy\u0259t\u0259 d\u00fc\u015fm\u00fc\u015fd\u00fc, hakimiyy\u0259t\u0259 qanunsuz yollarla g\u0259lmi\u015f AXC-M\u00fcsavat c\u00fctl\u00fcy\u00fc \u00f6lk\u0259ni talay\u0131rd\u0131, da\u011f\u0131d\u0131rd\u0131, m\u00fcharib\u0259 ged\u0259-ged\u0259 Erm\u0259nistana benzin sat\u0131rd\u0131. D\u00f6vl\u0259t \u0259mlak\u0131n\u0131n a\u00e7\u0131q-a\u015fkar m\u0259nims\u0259nilm\u0259si, qeyri-qanuni yollarla xaric\u0259 sat\u0131lmas\u0131, bir s\u00f6zl\u0259 d\u00f6vl\u0259t \u0259mlak\u0131n\u0131n talan edilm\u0259si adi hala \u00e7evrilmi\u015fdi.<\/p>\n\n\n\n<p> D\u00f6vl\u0259t idar\u0259etm\u0259sind\u0259 he\u00e7 bir t\u0259cr\u00fcb\u0259si olmayan \u015f\u0259xsl\u0259rin v\u0259zif\u0259y\u0259 g\u0259tirilm\u0259si suverenliyimiz\u0259 t\u0259hdid yaratm\u0131\u015fd\u0131. AXC-M\u00fcsavat c\u00fctl\u00fcy\u00fc b\u00fct\u00fcn \u00f6lk\u0259l\u0259rl\u0259 m\u00fcnasib\u0259tl\u0259ri korlam\u0131\u015f, b\u0259zi \u00f6lk\u0259l\u0259r\u0259 qar\u015f\u0131 iddialar ir\u0259li s\u00fcrm\u0259kl\u0259 Az\u0259rbaycan\u0131 qon\u015fu \u00f6lk\u0259l\u0259rl\u0259 d\u00fc\u015fm\u0259n etmi\u015fdi. Adi fizika-riyaziyyat m\u00fc\u0259llimi olmu\u015f m\u00fcdafi\u0259 naziri \u015eu\u015fan\u0131n itirilm\u0259sind\u0259, ordunun iflic v\u0259ziyy\u0259tin\u0259 sal\u0131nmas\u0131nda \u201cx\u00fcsusi rol\u201d oynam\u0131\u015f, ordu siyasi prosesl\u0259rd\u0259 m\u00fcst\u0259qil t\u0259r\u0259f kimi \u00e7\u0131x\u0131\u015f ed\u0259r\u0259k \u00f6lk\u0259 parlamentinin s\u0259drin\u0259 v\u0259 Prezident\u0259 meydan oxuma\u011fa ba\u015flam\u0131\u015fd\u0131. <\/p>\n\n\n\n<p> Xarici i\u015fl\u0259r naziri Fizika \u0130nstitutunun ki\u00e7ik elmi i\u015f\u00e7isi idi \u2013 he\u00e7 bir diplomatik t\u0259cr\u00fcb\u0259si olmayan, he\u00e7 bir xarici dil bilm\u0259y\u0259n \u015f\u0259xs bel\u0259 m\u00fch\u00fcm v\u0259zif\u0259y\u0259 t\u0259yin edilmi\u015fdi. G\u0259nc m\u00fcst\u0259qil \u00f6lk\u0259nin diplomatik korpusu da onun kimi t\u0259cr\u00fcb\u0259siz, texniki sah\u0259l\u0259rd\u0259 \u00e7al\u0131\u015fm\u0131\u015f ki\u00e7ik elmi i\u015f\u00e7il\u0259rd\u0259n formala\u015fd\u0131r\u0131lm\u0131\u015fd\u0131. Hakimiyy\u0259t\u0259 g\u0259l\u0259nd\u0259n sonra AXC-nin \u00fczvl\u0259ri d\u0259rhal bir-biri il\u0259 m\u00fcbariz\u0259y\u0259 ba\u015flam\u0131\u015fd\u0131lar: hakimiyy\u0259t daxilind\u0259 \u00e7oxsayl\u0131 ki\u00e7ik qrupla\u015fmalar yaranaraq birincilik u\u011frunda m\u00fcbariz\u0259 apar\u0131rd\u0131lar.<\/p>\n\n\n\n<p> M\u00fcdafi\u0259 naziri v\u0259 parlament s\u0259dri prezidentlik iddialar\u0131n\u0131 a\u00e7\u0131q \u015f\u0259kild\u0259 dil\u0259 g\u0259tirir, n\u0259zar\u0259tl\u0259rind\u0259 olan media qurulu\u015flar\u0131nda prezident \u0259leyhin\u0259 s\u0259rt kampaniya apar\u0131rd\u0131lar. \u018fli K\u0259rimlinin n\u0259zar\u0259tind\u0259 olan media qurumlar\u0131 ba\u015f nazir v\u0259 spikeri \u0259l\u0259 sal\u0131rd\u0131, Prezidentin \u00f6z\u00fcn\u0259 yax\u0131n AXC \u0130craiyy\u0259 Komit\u0259si r\u0259smi b\u0259yanatla nazirl\u0259ri, parlament s\u0259drini d\u00f6vl\u0259t\u0259 v\u0259 ya hakimiyy\u0259t\u0259 x\u0259yan\u0259td\u0259 ittiham edirdi. Bel\u0259 daxili didi\u015fm\u0259l\u0259r, eyni zamanda, xalq t\u0259r\u0259find\u0259n onlara olan inams\u0131zl\u0131q n\u0259tic\u0259sind\u0259 bu hakimiyy\u0259t c\u0259mi bir il m\u00f6vcud ola bilmi\u015fdi. <\/p>\n\n\n\n<p>AXC-M\u00fcsavat c\u00fctl\u00fcy\u00fcn\u00fcn bir illik hakimiyy\u0259ti \u00f6lk\u0259d\u0259 anarxiya, xaos, \u00f6zba\u015f\u0131nal\u0131\u011f\u0131n t\u00fc\u011fyan etm\u0259si, iqtisadiyyat\u0131n \u00e7\u00f6km\u0259si, \u0259halinin sosial durumunun son d\u0259r\u0259c\u0259 a\u011f\u0131r\u0131la\u015fmas\u0131, torpaqlar\u0131m\u0131z\u0131n i\u015f\u011fal\u0131 il\u0259 n\u0259tic\u0259l\u0259nmi\u015fdi. H\u0259min d\u00f6vrd\u0259ki Az\u0259rbaycan hakimiyy\u0259ti bug\u00fcnk\u00fc Erm\u0259nistan hakimiyy\u0259ti il\u0259 \u00e7ox ox\u015fard\u0131r.<\/p>\n\n\n\n<p> 1990-c\u0131 ill\u0259rin \u0259vv\u0259ll\u0259rind\u0259ki g\u0259nc m\u00fcst\u0259qil Az\u0259rbaycanla bug\u00fcnk\u00fc Erm\u0259nistanda ba\u015f ver\u0259nl\u0259r aras\u0131nda ox\u015farl\u0131qlar var \u2013 \u00fcmidsizlik, c\u0259miyy\u0259td\u0259 h\u00f6km s\u00fcr\u0259n total apatiya, depressiya, he\u00e7 bir siyasi q\u00fcvv\u0259y\u0259, o c\u00fcml\u0259d\u0259n iqtidara inam\u0131n olmamas\u0131. Hakimiyy\u0259t\u0259 g\u0259lmi\u015f t\u0259sad\u00fcfi adamlar eyn\u0259n Erm\u0259nistanda 2018-ci ild\u0259 hakimiyy\u0259t\u0259 g\u0259l\u0259n insanlarla \u0259kiz qarda\u015fd\u0131rlar \u2013 t\u0259cr\u00fcb\u0259siz, biliksiz, m\u0259d\u0259niyy\u0259tsiz, s\u0259ri\u015ft\u0259siz, qorxaq, f\u0259rari.<\/p>\n\n\n\n<p>Az\u0259rbaycan xalq\u0131 v\u0259 xalq\u0131n d\u0259y\u0259rli ziyal\u0131lar\u0131 \u00f6z xilas\u0131n\u0131 Ulu \u00d6nd\u0259r Heyd\u0259r \u018fliyevin hakimiyy\u0259t\u0259 qay\u0131d\u0131\u015f\u0131nda g\u00f6r\u00fcrd\u00fc. AXC-M\u00fcsavat c\u00fctl\u00fcy\u00fc Az\u0259rbaycan\u0131 yerl\u0259\u015fdiyi b\u00f6lg\u0259d\u0259 t\u0259crid etmi\u015fdi. H\u0259rbi m\u0259\u011flubiyy\u0259t daxili b\u00f6hranla tamamlan\u0131rd\u0131. \u00d6lk\u0259 daxilind\u0259 ged\u0259n xo\u015fag\u0259lm\u0259z prosesl\u0259r, siyasi \u00e7\u0259ki\u015fm\u0259l\u0259r, hakimiyy\u0259t u\u011frunda<\/p>\n\n\n\n<p>m\u00fcbariz\u0259 \u00f6lk\u0259mizin m\u00fcst\u0259qilliyini sual alt\u0131na qoymu\u015fdu. AXC-M\u00fcsavat hakimiyy\u0259tinin ifrat s\u0259ri\u015ft\u0259sizliyi, \u00f6lk\u0259nin t\u0259crid olunmu\u015f v\u0259ziyy\u0259t\u0259 d\u00fc\u015fm\u0259si, daxild\u0259 v\u0259t\u0259nda\u015f m\u00fcharib\u0259si t\u0259hl\u00fck\u0259si Yeni Az\u0259rbaycan Partiyas\u0131n\u0131n yaranmas\u0131n\u0131 tarixi z\u0259rur\u0259t\u0259 \u00e7evirmi\u015fdi. O vaxt c\u0259sar\u0259t v\u0259 milli d\u00fc\u015f\u00fcnc\u0259 g\u00f6st\u0259rmi\u015f v\u0259t\u0259np\u0259rv\u0259r insanlar \u2013 m\u0259\u015fhur \u201c91-l\u0259r\u201d Ulu \u00d6nd\u0259r\u0259 m\u00fcraci\u0259t etdil\u0259r. Yeni Az\u0259rbaycan Partiyas\u0131n\u0131n yaranmas\u0131na \u0259ng\u0259l olmaq ist\u0259y\u0259nl\u0259r \u0259slind\u0259 Az\u0259rbaycan d\u00f6vl\u0259t\u00e7iliyin\u0259 qar\u015f\u0131 \u00e7\u0131x\u0131rd\u0131lar. Heyd\u0259r \u018fliyev fenomenind\u0259n o q\u0259d\u0259r qorxurdular, \u00f6z c\u0131l\u0131z mahiyy\u0259tl\u0259rini \u00f6zl\u0259ri o q\u0259d\u0259r d\u0259rk edirdil\u0259r, bilirdil\u0259r ki, \u0259g\u0259r YAP-\u0131n qurultay\u0131 Bak\u0131da ke\u00e7irils\u0259, bunlar\u0131n hakimiyy\u0259tin\u0259 son qoyulacaq. <\/p>\n\n\n\n<p>1993-c\u00fc ilin oktyabr ay\u0131nda Heyd\u0259r \u018fliyev xalq\u0131n m\u00fctl\u0259q \u0259ks\u0259riyy\u0259tinin d\u0259st\u0259yi il\u0259 Prezident v\u0259zif\u0259sin\u0259 se\u00e7ildi v\u0259 \u00f6lk\u0259mizin b\u00f6hrandan \u00e7\u0131xma prosesi art\u0131q ba\u015flad\u0131. Xalq Heyd\u0259r \u018fliyevi \u00f6z milli xilaskar\u0131 v\u0259 \u00f6nd\u0259ri se\u00e7di. Bizim \u0259sl m\u00fcst\u0259qillik tariximiz Ulu \u00d6nd\u0259r Heyd\u0259r \u018fliyevin ad\u0131 il\u0259 ba\u011fl\u0131d\u0131r. \u00c7\u00fcnki ona q\u0259d\u0259r m\u00fcst\u0259qillik s\u00f6zd\u0259 var idi, amma faktiki olaraq yox idi. Heyd\u0259r \u018fliyevin xilaskarl\u0131q missiyas\u0131 Az\u0259rbaycan\u0131 m\u0259hv olmaqdan, par\u00e7alanmaqdan xilas etdi. D\u0259rslikl\u0259rd\u0259 bu tarixl\u0259 ba\u011fl\u0131 geni\u015f m\u0259lumat verilm\u0259lidir. O tarixin canl\u0131 \u015fahidl\u0259ri \u00f6z xatir\u0259l\u0259rini b\u00f6l\u00fc\u015fm\u0259lidirl\u0259r ki, bu tarix \u0259b\u0259di ya\u015fas\u0131n. Ulu \u00d6nd\u0259r Heyd\u0259r \u018fliyevin Az\u0259rbaycana Prezident kimi r\u0259hb\u0259rlik etdiyi 1993-2003-c\u00fc ill\u0259r Az\u0259rbaycan xalq\u0131 v\u0259 d\u00f6vl\u0259ti \u00fc\u00e7\u00fcn b\u00f6y\u00fck \u0259h\u0259miyy\u0259tli ill\u0259r olmu\u015f, m\u00fcst\u0259qil d\u00f6vl\u0259t\u00e7iliyimizin \u0259saslar\u0131 qoyulmu\u015fdur: <\/p>\n\n\n\n<p>1. 20 Yanvar faci\u0259sin\u0259 siyasi qiym\u0259t verildi. Xalq C\u0259bh\u0259si-M\u00fcsavat c\u00fctl\u00fcy\u00fc 20 Yanvar faci\u0259sin\u0259 siyasi qiym\u0259t verm\u0259mi\u015f, \u00f6rt-basd\u0131r etm\u0259k ist\u0259mi\u015fdir, \u00e7\u00fcnki onlar\u0131n da \u0259li Az\u0259rbaycan xalq\u0131n\u0131n qan\u0131na batm\u0131\u015fd\u0131.<\/p>\n\n\n\n<p> 2. Az\u0259rbaycan Konstitusiyas\u0131 yaln\u0131z Heyd\u0259r \u018fliyevin d\u00f6vr\u00fcnd\u0259 q\u0259bul edildi. <\/p>\n\n\n\n<p>3. Xalq C\u0259bh\u0259si-M\u00fcsavat c\u00fctl\u00fcy\u00fc t\u0259r\u0259find\u0259n qoyulan senzura m\u0259hz Heyd\u0259r \u018fliyev t\u0259r\u0259find\u0259n l\u0259\u011fv edildi. <\/p>\n\n\n\n<p>4. Siyasi islahatlara start verildi, \u00e7oxpartiyal\u0131 sistem yarand\u0131.<\/p>\n\n\n\n<p> 5. Az\u0259rbaycan beyn\u0259lxalq t\u0259cridd\u0259n \u00e7\u0131xd\u0131, h\u00f6rm\u0259tli v\u0259 h\u00f6rm\u0259t\u0259 layiq olan \u00f6lk\u0259 kimi tan\u0131nma\u011fa ba\u015flad\u0131.<\/p>\n\n\n\n<p> 6. \u00d6lk\u0259y\u0259 b\u00f6y\u00fck investisiyalar c\u0259lb edildi.<\/p>\n\n\n\n<p> 7. Kadrlar\u0131n yeti\u015fdirilm\u0259si il\u0259 ba\u011fl\u0131 \u00f6n\u0259mli add\u0131mlar at\u0131ld\u0131. O kadrlar bu g\u00fcn d\u0259 \u00f6lk\u0259mizin m\u00fcxt\u0259lif sah\u0259l\u0259rind\u0259 \u00f6z t\u00f6hf\u0259l\u0259rini verirl\u0259r.<\/p>\n\n\n\n<p> 8. Asayi\u015f v\u0259 qayda-qanun b\u0259rq\u0259rar edildi, soy\u011fun\u00e7ulu\u011fa, v\u0259t\u0259nda\u015flar\u0131n \u0259mlak\u0131n\u0131n q\u0259sb olunmas\u0131na son qoyuldu.<\/p>\n\n\n\n<p> 9. Nizami ordu yarad\u0131ld\u0131, Birinci Qaraba\u011f m\u00fcharib\u0259sind\u0259 at\u0259\u015fk\u0259s \u0259ld\u0259 edildi, m\u00fcnaqi\u015f\u0259nin dinc yolla nizama sal\u0131nmas\u0131na dair dan\u0131\u015f\u0131qlara ba\u015flan\u0131ld\u0131. <\/p>\n\n\n\n<p>10. \u0130dar\u0259etm\u0259 sistemi formala\u015fd\u0131r\u0131ld\u0131, insanlarda \u00f6z d\u00f6vl\u0259tin\u0259 inam geri qaytar\u0131ld\u0131. <\/p>\n\n\n\n<p>11. Neft m\u00fcqavil\u0259l\u0259ri imzaland\u0131, Az\u0259rbaycan\u0131n iqtisadi dir\u00e7\u0259li\u015finin \u0259sas\u0131 qoyuldu. <\/p>\n\n\n\n<p>12. Qanunsuz silahl\u0131 qrupla\u015fmalar\u0131n d\u00f6vl\u0259t \u00e7evrili\u015fl\u0259ri c\u0259hdl\u0259rin\u0259 son qoyuldu, ilk parlament se\u00e7kil\u0259ri ke\u00e7irildi v\u0259 referendum yolu il\u0259 Konstitusiya q\u0259bul edildi. <\/p>\n\n\n\n<p>13. Az\u0259rbaycan\u0131n beyn\u0259lxalq \u0259laq\u0259l\u0259ri formala\u015fd\u0131r\u0131ld\u0131, \u00f6lk\u0259nin d\u00fcnya birliyin\u0259 inteqrasiyas\u0131 prosesi ba\u015fland\u0131.<\/p>\n\n\n\n<p>Az\u0259rbaycan\u0131n bug\u00fcnk\u00fc u\u011furlar\u0131 \u00dcmummilli Lider Heyd\u0259r \u018fliyevin m\u00fcdrik siyas\u0259tinin u\u011furla v\u0259 l\u0259yaq\u0259tl\u0259 davam etdirilm\u0259sinin n\u0259tic\u0259sidir. Bug\u00fcnk\u00fc q\u0259l\u0259b\u0259l\u0259rin \u0259sas\u0131 15 iyun 1993-c\u00fc ild\u0259 qoyulmu\u015f, bununla Az\u0259rbaycan \u00f6z tarixinin yeni d\u00f6vr\u00fcn\u0259 q\u0259d\u0259m qoymu\u015fdur. Az\u0259rbaycan tarixin he\u00e7 bir m\u0259rh\u0259l\u0259sind\u0259 bug\u00fcnk\u00fc q\u0259d\u0259r m\u00fcst\u0259qil v\u0259 q\u00fcdr\u0259tli olmam\u0131\u015fd\u0131r.<\/p>\n\n\n\n<p>Q\u00fcdr\u0259tli Az\u0259rbaycan Ulu \u00d6nd\u0259r Heyd\u0259r \u018fliyevin \u015fah \u0259s\u0259ridir. Az\u0259rbaycan\u0131n m\u00fcst\u0259qilliyi durduqca, Heyd\u0259r \u018fliyevin d\u0259 ad\u0131 ya\u015fayacaqd\u0131r. Ulu \u00d6nd\u0259r Heyd\u0259r \u018fliyev: \u201cAz\u0259rbaycan\u0131n d\u00f6vl\u0259t m\u00fcst\u0259qilliyi \u0259b\u0259didir, sars\u0131lmazd\u0131r, d\u00f6nm\u0259zdir.\u201d \u201cG\u00fcn g\u0259l\u0259c\u0259k, Az\u0259rbaycan d\u00fcnyaya g\u00fcn\u0259\u015f kimi do\u011facaq.\u201d<\/p>\n\n\n\n<p><strong>Ya\u015fas\u0131n m\u00fcst\u0259qil Az\u0259rbaycan Respublikas\u0131! <\/strong><\/p>\n\n\n\n<p><strong>E\u015fq olsun Az\u0259rbaycan xalq\u0131na!.<\/strong><\/p>\n\n\n\n<p>H\u00f6rm\u0259tl\u0259,<\/p>\n\n\n\n<figure class=\"wp-block-image size-large is-resized\"><img loading=\"lazy\" decoding=\"async\" src=\"http:\/\/veteran.az\/wp-content\/uploads\/2021\/06\/bvx.jpg\" alt=\"\" class=\"wp-image-10689\" width=\"579\" height=\"579\" srcset=\"https:\/\/veteran.az\/wp-content\/uploads\/2021\/06\/bvx.jpg 600w, https:\/\/veteran.az\/wp-content\/uploads\/2021\/06\/bvx-300x300.jpg 300w, https:\/\/veteran.az\/wp-content\/uploads\/2021\/06\/bvx-150x150.jpg 150w\" sizes=\"auto, (max-width: 579px) 100vw, 579px\" \/><\/figure>\n\n\n\n<p><strong>M\u00fc\u015ffiq \u018fliyev<\/strong><\/p>\n\n\n\n<p><strong><em>Az\u0259rbaycan Respublikas\u0131 \u015e\u0259hid Ail\u0259l\u0259rin\u0259 \u201cQay\u011f\u0131\u201d C\u0259miyy\u0259tinin s\u0259dri, Az\u0259rbaycan V\u0259t\u0259n M\u00fcharib\u0259si Veteranlar\u0131 \u0130ctimai Birliyi S\u0259drinin humanitar m\u0259s\u0259l\u0259l\u0259r \u00fczr\u0259 s\u0259lahiyy\u0259tli n\u00fcmay\u0259nd\u0259si<\/em><\/strong><\/p>\n\n\n\n<p><strong>BAKI \u015e\u018fH\u018fR\u0130, X\u018fZ\u018fR RAYON SAK\u0130N\u0130<\/strong><\/p>\n","protected":false},"excerpt":{"rendered":"<p>Bildiyimiz kimi, Ulu \u00d6nd\u0259r Heyd\u0259r \u018fliyevin Az\u0259rbaycan d\u00f6vl\u0259tinin v\u0259 xalq\u0131n\u0131n xilas\u0131 missiyas\u0131n\u0131 \u00f6z \u00fcz\u0259rin\u0259 g\u00f6t\u00fcrm\u00fc\u015fd\u00fc&#8230;.<\/p>\n","protected":false},"author":3,"featured_media":10643,"comment_status":"closed","ping_status":"closed","sticky":false,"template":"","format":"standard","meta":{"footnotes":""},"categories":[6],"tags":[],"class_list":["post-10688","post","type-post","status-publish","format-standard","has-post-thumbnail","hentry","category-cmiyyt"],"featured_image_urls":{"full":["https:\/\/veteran.az\/wp-content\/uploads\/2021\/06\/heyderilham-1.jpg",2362,1565,false],"thumbnail":["https:\/\/veteran.az\/wp-content\/uploads\/2021\/06\/heyderilham-1-150x150.jpg",150,150,true],"medium":["https:\/\/veteran.az\/wp-content\/uploads\/2021\/06\/heyderilham-1-300x199.jpg",300,199,true],"medium_large":["https:\/\/veteran.az\/wp-content\/uploads\/2021\/06\/heyderilham-1-768x509.jpg",640,424,true],"large":["https:\/\/veteran.az\/wp-content\/uploads\/2021\/06\/heyderilham-1-1024x678.jpg",640,424,true],"1536x1536":["https:\/\/veteran.az\/wp-content\/uploads\/2021\/06\/heyderilham-1-1536x1018.jpg",1536,1018,true],"2048x2048":["https:\/\/veteran.az\/wp-content\/uploads\/2021\/06\/heyderilham-1-2048x1357.jpg",2048,1357,true],"covernews-slider-full":["https:\/\/veteran.az\/wp-content\/uploads\/2021\/06\/heyderilham-1-1536x1020.jpg",1077,715,true],"covernews-slider-center":["https:\/\/veteran.az\/wp-content\/uploads\/2021\/06\/heyderilham-1-936x897.jpg",522,500,true],"covernews-featured":["https:\/\/veteran.az\/wp-content\/uploads\/2021\/06\/heyderilham-1-1024x678.jpg",1024,678,true],"covernews-medium":["https:\/\/veteran.az\/wp-content\/uploads\/2021\/06\/heyderilham-1-720x380.jpg",540,285,true],"covernews-medium-square":["https:\/\/veteran.az\/wp-content\/uploads\/2021\/06\/heyderilham-1-675x450.jpg",375,250,true]},"author_info":{"display_name":"Veteran.az","author_link":"https:\/\/veteran.az\/?author=3"},"category_info":"<a href=\"https:\/\/veteran.az\/?cat=6\" rel=\"category\">C\u0259miyy\u0259t<\/a>","tag_info":"C\u0259miyy\u0259t","comment_count":"0","_links":{"self":[{"href":"https:\/\/veteran.az\/index.php?rest_route=\/wp\/v2\/posts\/10688","targetHints":{"allow":["GET"]}}],"collection":[{"href":"https:\/\/veteran.az\/index.php?rest_route=\/wp\/v2\/posts"}],"about":[{"href":"https:\/\/veteran.az\/index.php?rest_route=\/wp\/v2\/types\/post"}],"author":[{"embeddable":true,"href":"https:\/\/veteran.az\/index.php?rest_route=\/wp\/v2\/users\/3"}],"replies":[{"embeddable":true,"href":"https:\/\/veteran.az\/index.php?rest_route=%2Fwp%2Fv2%2Fcomments&post=10688"}],"version-history":[{"count":2,"href":"https:\/\/veteran.az\/index.php?rest_route=\/wp\/v2\/posts\/10688\/revisions"}],"predecessor-version":[{"id":10692,"href":"https:\/\/veteran.az\/index.php?rest_route=\/wp\/v2\/posts\/10688\/revisions\/10692"}],"wp:featuredmedia":[{"embeddable":true,"href":"https:\/\/veteran.az\/index.php?rest_route=\/wp\/v2\/media\/10643"}],"wp:attachment":[{"href":"https:\/\/veteran.az\/index.php?rest_route=%2Fwp%2Fv2%2Fmedia&parent=10688"}],"wp:term":[{"taxonomy":"category","embeddable":true,"href":"https:\/\/veteran.az\/index.php?rest_route=%2Fwp%2Fv2%2Fcategories&post=10688"},{"taxonomy":"post_tag","embeddable":true,"href":"https:\/\/veteran.az\/index.php?rest_route=%2Fwp%2Fv2%2Ftags&post=10688"}],"curies":[{"name":"wp","href":"https:\/\/api.w.org\/{rel}","templated":true}]}}