{"id":10662,"date":"2021-06-15T18:02:09","date_gmt":"2021-06-15T14:02:09","guid":{"rendered":"http:\/\/veteran.az\/?p=10662"},"modified":"2021-06-15T18:02:11","modified_gmt":"2021-06-15T14:02:11","slug":"verdiyimiz-sozu-cox-sukur-yerin%c9%99-yetirdik-%c9%99rdogan","status":"publish","type":"post","link":"https:\/\/veteran.az\/?p=10662","title":{"rendered":"\u201cVerdiyimiz s\u00f6z\u00fc \u00e7ox \u015f\u00fck\u00fcr yerin\u0259 yetirdik\u201d &#8212; \u018frdo\u011fan"},"content":{"rendered":"\n<p><strong>Q\u0131rx d\u00f6rd g\u00fcnl\u00fck m\u00fcharib\u0259 n\u0259tic\u0259sind\u0259 Qaraba\u011f, \u00e7ox \u015f\u00fck\u00fcr, sahibl\u0259rin\u0259 qay\u0131td\u0131 v\u0259 erm\u0259ni z\u00fclm\u00fcnd\u0259n, erm\u0259ni i\u015f\u011fal\u0131ndan azad edildi.<\/strong><\/p>\n\n\n\n<p><strong>B<\/strong>u fikirl\u0259ri T\u00fcrkiy\u0259 Prezidenti R\u0259c\u0259b Tayyib \u018frdo\u011fan iyunun 15-d\u0259 \u015eu\u015fada m\u0259tbuata b\u0259yanat\u0131nda s\u00f6yl\u0259yib.<\/p>\n\n\n\n<p>15 iyun \u2013 Milli Qurtulu\u015f G\u00fcn\u00fc m\u00fcnasib\u0259til\u0259 \u00fcmummilli lider Heyd\u0259r \u018fliyevin xatir\u0259sini ehtiramla anan T\u00fcrkiy\u0259 Prezidenti deyib:<br><br>\u201cQ\u0259hr\u0259man Az\u0259rbaycan Ordusunun Qaraba\u011f z\u0259f\u0259rinin sevincini qarda\u015f\u0131m c\u0259nab \u018fliyevl\u0259 birlikd\u0259 ke\u00e7\u0259n il dekabr\u0131n 10-da Bak\u0131da birlikd\u0259 b\u00f6l\u00fc\u015fm\u00fc\u015fd\u00fck. O g\u00fcn tamamil\u0259 ba\u015fqa bir co\u015fqu, h\u0259y\u0259can var idi. Alt\u0131 ay sonra q\u0259dim \u015eu\u015fada onunla bir yerd\u0259 olmaqdan b\u00f6y\u00fck m\u0259mnunluq duyuram. Verdiyimiz s\u00f6z\u00fc \u00e7ox \u015f\u00fck\u00fcr yerin\u0259 yetirdik\u201d<\/p>\n","protected":false},"excerpt":{"rendered":"<p>Q\u0131rx d\u00f6rd g\u00fcnl\u00fck m\u00fcharib\u0259 n\u0259tic\u0259sind\u0259 Qaraba\u011f, \u00e7ox \u015f\u00fck\u00fcr, sahibl\u0259rin\u0259 qay\u0131td\u0131 v\u0259 erm\u0259ni z\u00fclm\u00fcnd\u0259n, erm\u0259ni i\u015f\u011fal\u0131ndan&#8230;<\/p>\n","protected":false},"author":3,"featured_media":10663,"comment_status":"closed","ping_status":"closed","sticky":false,"template":"","format":"standard","meta":{"footnotes":""},"categories":[6],"tags":[],"class_list":["post-10662","post","type-post","status-publish","format-standard","has-post-thumbnail","hentry","category-cmiyyt"],"featured_image_urls":{"full":["https:\/\/veteran.az\/wp-content\/uploads\/2021\/06\/ilham-erdogan-fuzuli1.jpg",600,337,false],"thumbnail":["https:\/\/veteran.az\/wp-content\/uploads\/2021\/06\/ilham-erdogan-fuzuli1-150x150.jpg",150,150,true],"medium":["https:\/\/veteran.az\/wp-content\/uploads\/2021\/06\/ilham-erdogan-fuzuli1-300x169.jpg",300,169,true],"medium_large":["https:\/\/veteran.az\/wp-content\/uploads\/2021\/06\/ilham-erdogan-fuzuli1.jpg",600,337,false],"large":["https:\/\/veteran.az\/wp-content\/uploads\/2021\/06\/ilham-erdogan-fuzuli1.jpg",600,337,false],"1536x1536":["https:\/\/veteran.az\/wp-content\/uploads\/2021\/06\/ilham-erdogan-fuzuli1.jpg",600,337,false],"2048x2048":["https:\/\/veteran.az\/wp-content\/uploads\/2021\/06\/ilham-erdogan-fuzuli1.jpg",600,337,false],"covernews-slider-full":["https:\/\/veteran.az\/wp-content\/uploads\/2021\/06\/ilham-erdogan-fuzuli1.jpg",600,337,false],"covernews-slider-center":["https:\/\/veteran.az\/wp-content\/uploads\/2021\/06\/ilham-erdogan-fuzuli1.jpg",600,337,false],"covernews-featured":["https:\/\/veteran.az\/wp-content\/uploads\/2021\/06\/ilham-erdogan-fuzuli1.jpg",600,337,false],"covernews-medium":["https:\/\/veteran.az\/wp-content\/uploads\/2021\/06\/ilham-erdogan-fuzuli1.jpg",540,303,false],"covernews-medium-square":["https:\/\/veteran.az\/wp-content\/uploads\/2021\/06\/ilham-erdogan-fuzuli1.jpg",400,225,false]},"author_info":{"display_name":"Veteran.az","author_link":"https:\/\/veteran.az\/?author=3"},"category_info":"<a href=\"https:\/\/veteran.az\/?cat=6\" rel=\"category\">C\u0259miyy\u0259t<\/a>","tag_info":"C\u0259miyy\u0259t","comment_count":"0","_links":{"self":[{"href":"https:\/\/veteran.az\/index.php?rest_route=\/wp\/v2\/posts\/10662","targetHints":{"allow":["GET"]}}],"collection":[{"href":"https:\/\/veteran.az\/index.php?rest_route=\/wp\/v2\/posts"}],"about":[{"href":"https:\/\/veteran.az\/index.php?rest_route=\/wp\/v2\/types\/post"}],"author":[{"embeddable":true,"href":"https:\/\/veteran.az\/index.php?rest_route=\/wp\/v2\/users\/3"}],"replies":[{"embeddable":true,"href":"https:\/\/veteran.az\/index.php?rest_route=%2Fwp%2Fv2%2Fcomments&post=10662"}],"version-history":[{"count":1,"href":"https:\/\/veteran.az\/index.php?rest_route=\/wp\/v2\/posts\/10662\/revisions"}],"predecessor-version":[{"id":10664,"href":"https:\/\/veteran.az\/index.php?rest_route=\/wp\/v2\/posts\/10662\/revisions\/10664"}],"wp:featuredmedia":[{"embeddable":true,"href":"https:\/\/veteran.az\/index.php?rest_route=\/wp\/v2\/media\/10663"}],"wp:attachment":[{"href":"https:\/\/veteran.az\/index.php?rest_route=%2Fwp%2Fv2%2Fmedia&parent=10662"}],"wp:term":[{"taxonomy":"category","embeddable":true,"href":"https:\/\/veteran.az\/index.php?rest_route=%2Fwp%2Fv2%2Fcategories&post=10662"},{"taxonomy":"post_tag","embeddable":true,"href":"https:\/\/veteran.az\/index.php?rest_route=%2Fwp%2Fv2%2Ftags&post=10662"}],"curies":[{"name":"wp","href":"https:\/\/api.w.org\/{rel}","templated":true}]}}