{"id":10630,"date":"2021-06-14T02:33:32","date_gmt":"2021-06-13T22:33:32","guid":{"rendered":"http:\/\/veteran.az\/?p=10630"},"modified":"2024-01-27T19:26:31","modified_gmt":"2024-01-27T15:26:31","slug":"s%c9%99hid-ziyadxanin-adina-bulaq-tikildi-foto","status":"publish","type":"post","link":"https:\/\/veteran.az\/?p=10630","title":{"rendered":"\u015e\u0259hid Ziyadxan\u0131n ad\u0131na bulaq tikildi &#8212; Foto"},"content":{"rendered":"\n<p><strong>Bu g\u00fcn K\u00fcrd\u0259mir \u015f\u0259h\u0259rind\u0259 \u015f\u0259hid Ziyadxan \u0130brahim o\u011flu \u018fliyevin ad\u0131na in\u015fa edil\u0259n bula\u011f\u0131n a\u00e7\u0131l\u0131\u015f m\u0259rasimi ke\u00e7irilib.<\/strong><\/p>\n\n\n\n<p><a target=\"_blank\" href=\"http:\/\/axar.az\/\" rel=\"noreferrer noopener\">Axar.az<\/a>&nbsp;x\u0259b\u0259r verir ki, bu bar\u0259d\u0259 iqtisad\u00e7\u0131 ekspert Natiq C\u0259f\u0259rli m\u0259lumat payla\u015f\u0131b.<\/p>\n\n\n\n<p>A\u00e7\u0131l\u0131\u015fda K\u00fcrd\u0259mir \u0130H n\u00fcmay\u0259nd\u0259l\u0259ri il\u0259 yana\u015f\u0131, rayon ictimaiyy\u0259ti v\u0259 Bak\u0131dan ged\u0259n qonaqlar da i\u015ftirak edib.<\/p>\n\n\n\n<p>Qeyd ed\u0259k ki, \u0259sl\u0259n C\u0259bray\u0131l rayonunun Soltanl\u0131 k\u0259ndind\u0259n olan 1997-ci il t\u0259v\u0259ll\u00fcdl\u00fc Ziyadxan \u018fliyev K\u00fcrd\u0259mirin Carl\u0131 k\u0259ndind\u0259n do\u011fulub. V\u0259t\u0259n m\u00fcharib\u0259sind\u0259 zaman\u0131 Suqovu\u015fan istiqam\u0259tind\u0259ki d\u00f6y\u00fc\u015fl\u0259rd\u0259 \u015f\u0259hid olub.<\/p>\n\n\n\n<figure class=\"wp-block-image size-large\"><img loading=\"lazy\" decoding=\"async\" width=\"1024\" height=\"647\" src=\"http:\/\/veteran.az\/wp-content\/uploads\/2021\/06\/kurdemir-ziya-shehid-1024x647.jpg\" alt=\"\" class=\"wp-image-10631\" srcset=\"https:\/\/veteran.az\/wp-content\/uploads\/2021\/06\/kurdemir-ziya-shehid-1024x647.jpg 1024w, https:\/\/veteran.az\/wp-content\/uploads\/2021\/06\/kurdemir-ziya-shehid-300x190.jpg 300w, https:\/\/veteran.az\/wp-content\/uploads\/2021\/06\/kurdemir-ziya-shehid-768x485.jpg 768w, https:\/\/veteran.az\/wp-content\/uploads\/2021\/06\/kurdemir-ziya-shehid.jpg 1462w\" sizes=\"auto, (max-width: 1024px) 100vw, 1024px\" \/><\/figure>\n","protected":false},"excerpt":{"rendered":"<p>Bu g\u00fcn K\u00fcrd\u0259mir \u015f\u0259h\u0259rind\u0259 \u015f\u0259hid Ziyadxan \u0130brahim o\u011flu \u018fliyevin ad\u0131na in\u015fa edil\u0259n bula\u011f\u0131n a\u00e7\u0131l\u0131\u015f m\u0259rasimi&#8230;<\/p>\n","protected":false},"author":3,"featured_media":10632,"comment_status":"closed","ping_status":"closed","sticky":false,"template":"","format":"standard","meta":{"footnotes":""},"categories":[16],"tags":[],"class_list":["post-10630","post","type-post","status-publish","format-standard","has-post-thumbnail","hentry","category-shidlr"],"featured_image_urls":{"full":["https:\/\/veteran.az\/wp-content\/uploads\/2021\/06\/kurdemir-ziya-shehid-1.jpg",1462,924,false],"thumbnail":["https:\/\/veteran.az\/wp-content\/uploads\/2021\/06\/kurdemir-ziya-shehid-1-150x150.jpg",150,150,true],"medium":["https:\/\/veteran.az\/wp-content\/uploads\/2021\/06\/kurdemir-ziya-shehid-1-300x190.jpg",300,190,true],"medium_large":["https:\/\/veteran.az\/wp-content\/uploads\/2021\/06\/kurdemir-ziya-shehid-1-768x485.jpg",640,404,true],"large":["https:\/\/veteran.az\/wp-content\/uploads\/2021\/06\/kurdemir-ziya-shehid-1-1024x647.jpg",640,404,true],"1536x1536":["https:\/\/veteran.az\/wp-content\/uploads\/2021\/06\/kurdemir-ziya-shehid-1.jpg",1462,924,false],"2048x2048":["https:\/\/veteran.az\/wp-content\/uploads\/2021\/06\/kurdemir-ziya-shehid-1.jpg",1462,924,false],"covernews-slider-full":["https:\/\/veteran.az\/wp-content\/uploads\/2021\/06\/kurdemir-ziya-shehid-1.jpg",1115,705,false],"covernews-slider-center":["https:\/\/veteran.az\/wp-content\/uploads\/2021\/06\/kurdemir-ziya-shehid-1-936x897.jpg",522,500,true],"covernews-featured":["https:\/\/veteran.az\/wp-content\/uploads\/2021\/06\/kurdemir-ziya-shehid-1-1024x647.jpg",1024,647,true],"covernews-medium":["https:\/\/veteran.az\/wp-content\/uploads\/2021\/06\/kurdemir-ziya-shehid-1-720x380.jpg",540,285,true],"covernews-medium-square":["https:\/\/veteran.az\/wp-content\/uploads\/2021\/06\/kurdemir-ziya-shehid-1-675x450.jpg",375,250,true]},"author_info":{"display_name":"Veteran.az","author_link":"https:\/\/veteran.az\/?author=3"},"category_info":"<a href=\"https:\/\/veteran.az\/?cat=16\" rel=\"category\">\u015e\u0259hidl\u0259r<\/a>","tag_info":"\u015e\u0259hidl\u0259r","comment_count":"0","_links":{"self":[{"href":"https:\/\/veteran.az\/index.php?rest_route=\/wp\/v2\/posts\/10630","targetHints":{"allow":["GET"]}}],"collection":[{"href":"https:\/\/veteran.az\/index.php?rest_route=\/wp\/v2\/posts"}],"about":[{"href":"https:\/\/veteran.az\/index.php?rest_route=\/wp\/v2\/types\/post"}],"author":[{"embeddable":true,"href":"https:\/\/veteran.az\/index.php?rest_route=\/wp\/v2\/users\/3"}],"replies":[{"embeddable":true,"href":"https:\/\/veteran.az\/index.php?rest_route=%2Fwp%2Fv2%2Fcomments&post=10630"}],"version-history":[{"count":1,"href":"https:\/\/veteran.az\/index.php?rest_route=\/wp\/v2\/posts\/10630\/revisions"}],"predecessor-version":[{"id":10633,"href":"https:\/\/veteran.az\/index.php?rest_route=\/wp\/v2\/posts\/10630\/revisions\/10633"}],"wp:featuredmedia":[{"embeddable":true,"href":"https:\/\/veteran.az\/index.php?rest_route=\/wp\/v2\/media\/10632"}],"wp:attachment":[{"href":"https:\/\/veteran.az\/index.php?rest_route=%2Fwp%2Fv2%2Fmedia&parent=10630"}],"wp:term":[{"taxonomy":"category","embeddable":true,"href":"https:\/\/veteran.az\/index.php?rest_route=%2Fwp%2Fv2%2Fcategories&post=10630"},{"taxonomy":"post_tag","embeddable":true,"href":"https:\/\/veteran.az\/index.php?rest_route=%2Fwp%2Fv2%2Ftags&post=10630"}],"curies":[{"name":"wp","href":"https:\/\/api.w.org\/{rel}","templated":true}]}}