{"id":10615,"date":"2021-06-13T03:04:00","date_gmt":"2021-06-12T23:04:00","guid":{"rendered":"http:\/\/veteran.az\/?p=10615"},"modified":"2021-06-13T03:04:01","modified_gmt":"2021-06-12T23:04:01","slug":"iran-az%c9%99rbaycandan-elektrik-enerjisi-idxalina-baslayib","status":"publish","type":"post","link":"https:\/\/veteran.az\/?p=10615","title":{"rendered":"\u0130ran Az\u0259rbaycandan elektrik enerjisi idxal\u0131na ba\u015flay\u0131b"},"content":{"rendered":"\n<p><strong>\u0130ran elektrik t\u0259chizat\u0131 m\u0259hdudiyy\u0259tl\u0259rini azaltmaq \u00fc\u00e7\u00fcn Az\u0259rbaycandan elektrik enerjisi idxal\u0131na ba\u015flay\u0131b.<\/strong><\/p>\n\n\n\n<p><strong>\u201cYeni G\u00fcnd\u0259m\u201d&nbsp;<\/strong>x\u0259b\u0259r verir ki, bunu \u0130ran Energetika Nazirliyinin Elektrik enerjisi m\u0259s\u0259l\u0259l\u0259ri \u00fczr\u0259 M\u0259tbuat katibi Mostafa R\u0259c\u0259bi M\u0259\u015fh\u0259di deyib.<\/p>\n\n\n\n<p>O bildirib ki, Mu\u011fan elektrik \u00f6t\u00fcr\u00fcc\u00fc x\u0259tl\u0259rinin Az\u0259rbaycan\u0131n elektrik \u015f\u0259b\u0259k\u0259sin\u0259 sinxronla\u015fd\u0131r\u0131lmas\u0131 il\u0259 bu \u00f6lk\u0259d\u0259n elektrik enerjisi idxal\u0131na ba\u015flan\u0131l\u0131b: \u201cHaz\u0131rda bu \u00f6t\u00fcr\u00fcc\u00fc x\u0259ttd\u0259n daxili \u015f\u0259b\u0259k\u0259y\u0259 73 meqavat elektrik enerjisi verilir. Bu x\u0259ttd\u0259n idxal olunan elektrik enerjisinin h\u0259cmi, \u0259n y\u00fcks\u0259k istehlak saatlar\u0131nda 130 meqavata q\u0259d\u0259r art\u0131r\u0131la bil\u0259r\u201d.<\/p>\n\n\n\n<p>Qeyd ed\u0259k ki, bu ay\u0131n \u0259vv\u0259lind\u0259 \u0130ran\u0131n daxili enerji ehtiyac\u0131n\u0131 \u00f6d\u0259m\u0259k \u00fc\u00e7\u00fcn T\u00fcrkm\u0259nistandan&nbsp;140&nbsp;meqavat elektrik enerjisi idxal ed\u0259c\u0259yi a\u00e7\u0131qlanm\u0131\u015fd\u0131.<\/p>\n\n\n\n<p>Nazirliyin \u00f6lk\u0259nin elektrik enerjisin\u0259 olan t\u0259l\u0259bat\u0131n\u0131n \u00f6d\u0259nilm\u0259si \u00fc\u00e7\u00fcn g\u00f6st\u0259rdiyi s\u0259yl\u0259ri vur\u011fulayan R\u0259c\u0259bi M\u0259\u015fh\u0259di: \u201cXorasan b\u00f6lg\u0259sinin (\u0130ran\u0131n \u015fimal-\u015f\u0259rqinin) bir hiss\u0259sinin enerji ehtiyac\u0131n\u0131 t\u0259min ed\u0259c\u0259k olan&nbsp;140&nbsp;meqavat elektrik enerjisinin ilk m\u0259rh\u0259l\u0259d\u0259 T\u00fcrkm\u0259nistandan idxal edil\u0259c\u0259k\u201d.<\/p>\n\n\n\n<p>\u201cTehran Electricity Distribution\u201d \u015firk\u0259tinin idar\u0259edici direktorunun s\u00f6zl\u0259rin\u0259 g\u00f6r\u0259, h\u0259r il \u00f6lk\u0259nin elektrik enerjisi istehsal\u0131n\u0131n h\u0259cmi&nbsp;3 min&nbsp;meqavat art\u0131r\u0131lsa da, ya\u011f\u0131\u015flar\u0131n v\u0259 su anbarlar\u0131nda suyun s\u0259viyy\u0259sinin azalmas\u0131, \u0259lav\u0259 edil\u0259n istehsal g\u00fcc\u00fcn\u00fc \u0259v\u0259zl\u0259\u015fdir\u0259r\u0259k elektrik enerjisi istehsal\u0131n\u0131 azald\u0131b.<\/p>\n\n\n\n<p>Son&nbsp;10&nbsp;ild\u0259 \u0130randa davaml\u0131 istiliyin artmas\u0131 v\u0259 ya\u011f\u0131\u015flar\u0131n \u0259h\u0259miyy\u0259tli d\u0259r\u0259c\u0259d\u0259 azalmas\u0131 \u00f6lk\u0259ni pik istehlak d\u00f6vrl\u0259rind\u0259 elektrik enerjisi t\u0259chizat\u0131 m\u0259s\u0259l\u0259sind\u0259 \u00e7\u0259tin v\u0259ziyy\u0259t\u0259 sal\u0131b.<\/p>\n\n\n\n<p>Bu bax\u0131mdan, Energetika Nazirliyi son ill\u0259rd\u0259 istehlak\u0131 idar\u0259 etm\u0259k v\u0259 elektrik \u015f\u0259b\u0259k\u0259sind\u0259ki itkil\u0259ri azaltmaq \u00fc\u00e7\u00fcn yeni strategiyalar\u0131 izl\u0259yir.<\/p>\n\n\n\n<p>\u00d6t\u0259n ilin sonlar\u0131nda energetika naziri Rza Ardakanian, nazirliyin a\u015fa\u011f\u0131 istehlakl\u0131 ev t\u0259s\u0259rr\u00fcfatlar\u0131 v\u0259 elektrik enerjisinin s\u0259naye sektorunun istehlak\u00e7\u0131lar\u0131 \u00fc\u00e7\u00fcn yeni t\u0259\u015fviq paketl\u0259ri n\u0259z\u0259rd\u0259n ke\u00e7irildiytini a\u00e7\u0131qlam\u0131\u015fd\u0131<\/p>\n","protected":false},"excerpt":{"rendered":"<p>\u0130ran elektrik t\u0259chizat\u0131 m\u0259hdudiyy\u0259tl\u0259rini azaltmaq \u00fc\u00e7\u00fcn Az\u0259rbaycandan elektrik enerjisi idxal\u0131na ba\u015flay\u0131b. \u201cYeni G\u00fcnd\u0259m\u201d&nbsp;x\u0259b\u0259r verir ki,&#8230;<\/p>\n","protected":false},"author":3,"featured_media":10616,"comment_status":"closed","ping_status":"closed","sticky":false,"template":"","format":"standard","meta":{"footnotes":""},"categories":[6],"tags":[],"class_list":["post-10615","post","type-post","status-publish","format-standard","has-post-thumbnail","hentry","category-cmiyyt"],"featured_image_urls":{"full":["https:\/\/veteran.az\/wp-content\/uploads\/2021\/06\/yenigundem_70b3b7e145bb38b3de825094d3bb4201_2og05t17acxfzruqhj3s-620x460-1.jpg",620,460,false],"thumbnail":["https:\/\/veteran.az\/wp-content\/uploads\/2021\/06\/yenigundem_70b3b7e145bb38b3de825094d3bb4201_2og05t17acxfzruqhj3s-620x460-1-150x150.jpg",150,150,true],"medium":["https:\/\/veteran.az\/wp-content\/uploads\/2021\/06\/yenigundem_70b3b7e145bb38b3de825094d3bb4201_2og05t17acxfzruqhj3s-620x460-1-300x223.jpg",300,223,true],"medium_large":["https:\/\/veteran.az\/wp-content\/uploads\/2021\/06\/yenigundem_70b3b7e145bb38b3de825094d3bb4201_2og05t17acxfzruqhj3s-620x460-1.jpg",620,460,false],"large":["https:\/\/veteran.az\/wp-content\/uploads\/2021\/06\/yenigundem_70b3b7e145bb38b3de825094d3bb4201_2og05t17acxfzruqhj3s-620x460-1.jpg",620,460,false],"1536x1536":["https:\/\/veteran.az\/wp-content\/uploads\/2021\/06\/yenigundem_70b3b7e145bb38b3de825094d3bb4201_2og05t17acxfzruqhj3s-620x460-1.jpg",620,460,false],"2048x2048":["https:\/\/veteran.az\/wp-content\/uploads\/2021\/06\/yenigundem_70b3b7e145bb38b3de825094d3bb4201_2og05t17acxfzruqhj3s-620x460-1.jpg",620,460,false],"covernews-slider-full":["https:\/\/veteran.az\/wp-content\/uploads\/2021\/06\/yenigundem_70b3b7e145bb38b3de825094d3bb4201_2og05t17acxfzruqhj3s-620x460-1.jpg",620,460,false],"covernews-slider-center":["https:\/\/veteran.az\/wp-content\/uploads\/2021\/06\/yenigundem_70b3b7e145bb38b3de825094d3bb4201_2og05t17acxfzruqhj3s-620x460-1.jpg",620,460,false],"covernews-featured":["https:\/\/veteran.az\/wp-content\/uploads\/2021\/06\/yenigundem_70b3b7e145bb38b3de825094d3bb4201_2og05t17acxfzruqhj3s-620x460-1.jpg",620,460,false],"covernews-medium":["https:\/\/veteran.az\/wp-content\/uploads\/2021\/06\/yenigundem_70b3b7e145bb38b3de825094d3bb4201_2og05t17acxfzruqhj3s-620x460-1-620x380.jpg",540,331,true],"covernews-medium-square":["https:\/\/veteran.az\/wp-content\/uploads\/2021\/06\/yenigundem_70b3b7e145bb38b3de825094d3bb4201_2og05t17acxfzruqhj3s-620x460-1-620x450.jpg",344,250,true]},"author_info":{"display_name":"Veteran.az","author_link":"https:\/\/veteran.az\/?author=3"},"category_info":"<a href=\"https:\/\/veteran.az\/?cat=6\" rel=\"category\">C\u0259miyy\u0259t<\/a>","tag_info":"C\u0259miyy\u0259t","comment_count":"0","_links":{"self":[{"href":"https:\/\/veteran.az\/index.php?rest_route=\/wp\/v2\/posts\/10615","targetHints":{"allow":["GET"]}}],"collection":[{"href":"https:\/\/veteran.az\/index.php?rest_route=\/wp\/v2\/posts"}],"about":[{"href":"https:\/\/veteran.az\/index.php?rest_route=\/wp\/v2\/types\/post"}],"author":[{"embeddable":true,"href":"https:\/\/veteran.az\/index.php?rest_route=\/wp\/v2\/users\/3"}],"replies":[{"embeddable":true,"href":"https:\/\/veteran.az\/index.php?rest_route=%2Fwp%2Fv2%2Fcomments&post=10615"}],"version-history":[{"count":1,"href":"https:\/\/veteran.az\/index.php?rest_route=\/wp\/v2\/posts\/10615\/revisions"}],"predecessor-version":[{"id":10617,"href":"https:\/\/veteran.az\/index.php?rest_route=\/wp\/v2\/posts\/10615\/revisions\/10617"}],"wp:featuredmedia":[{"embeddable":true,"href":"https:\/\/veteran.az\/index.php?rest_route=\/wp\/v2\/media\/10616"}],"wp:attachment":[{"href":"https:\/\/veteran.az\/index.php?rest_route=%2Fwp%2Fv2%2Fmedia&parent=10615"}],"wp:term":[{"taxonomy":"category","embeddable":true,"href":"https:\/\/veteran.az\/index.php?rest_route=%2Fwp%2Fv2%2Fcategories&post=10615"},{"taxonomy":"post_tag","embeddable":true,"href":"https:\/\/veteran.az\/index.php?rest_route=%2Fwp%2Fv2%2Ftags&post=10615"}],"curies":[{"name":"wp","href":"https:\/\/api.w.org\/{rel}","templated":true}]}}