{"id":10606,"date":"2021-06-12T13:01:46","date_gmt":"2021-06-12T09:01:46","guid":{"rendered":"http:\/\/veteran.az\/?p=10606"},"modified":"2021-06-12T13:01:47","modified_gmt":"2021-06-12T09:01:47","slug":"az%c9%99rbaycanli-mug%c9%99nninin-mahnisi-turkiy%c9%99d%c9%99-gund%c9%99m-oldu-video","status":"publish","type":"post","link":"https:\/\/veteran.az\/?p=10606","title":{"rendered":"Az\u0259rbaycanl\u0131 m\u00fc\u011f\u0259nninin mahn\u0131s\u0131 T\u00fcrkiy\u0259d\u0259 g\u00fcnd\u0259m oldu &#8212; V\u0130DEO"},"content":{"rendered":"\n<p><strong>Az\u0259rbaycanl\u0131 m\u00fc\u011f\u0259nni Az\u0259rinin Avropa \u00e7empionat\u0131nda m\u00fcbariz\u0259 aparan T\u00fcrkiy\u0259 millisi \u00fc\u00e7\u00fcn oxudu\u011fu mar\u015f qarda\u015f \u00f6lk\u0259d\u0259 maraqla qar\u015f\u0131lan\u0131b.<\/strong><\/p>\n\n\n\n<p><br>Fanat.Az x\u0259b\u0259r verir ki, &#171;\u00c7\u0131rp\u0131n\u0131rd\u0131 Qara d\u0259niz&#187; mahn\u0131s\u0131 il\u0259 m\u0259\u015fhurla\u015fan m\u00fc\u011f\u0259nni 15 iyun Demokratiya Mar\u015f\u0131n\u0131n \u015fairi Hanefi S\u00f6ztutann\u0131n yazd\u0131\u011f\u0131 &#171;Can\u0131m T\u00fcrkiy\u0259m&#187; par\u00e7as\u0131n\u0131 ifa edib.<\/p>\n\n\n\n<p>Az\u0259rinin ifas\u0131 sosial mediada maraqla qar\u015f\u0131lan\u0131b.<\/p>\n\n\n\n<figure class=\"wp-block-embed is-type-video is-provider-youtube wp-block-embed-youtube wp-embed-aspect-16-9 wp-has-aspect-ratio\"><div class=\"wp-block-embed__wrapper\">\n<iframe loading=\"lazy\" title=\"Azerin - Can\u0131m T\u00fcrkiye&#039;m | Bizim \u00c7ocuklar\" width=\"640\" height=\"360\" src=\"https:\/\/www.youtube.com\/embed\/ddx1glzHxFY?feature=oembed\" frameborder=\"0\" allow=\"accelerometer; autoplay; clipboard-write; encrypted-media; gyroscope; picture-in-picture; web-share\" referrerpolicy=\"strict-origin-when-cross-origin\" allowfullscreen><\/iframe>\n<\/div><\/figure>\n","protected":false},"excerpt":{"rendered":"<p>Az\u0259rbaycanl\u0131 m\u00fc\u011f\u0259nni Az\u0259rinin Avropa \u00e7empionat\u0131nda m\u00fcbariz\u0259 aparan T\u00fcrkiy\u0259 millisi \u00fc\u00e7\u00fcn oxudu\u011fu mar\u015f qarda\u015f \u00f6lk\u0259d\u0259 maraqla&#8230;<\/p>\n","protected":false},"author":3,"featured_media":10607,"comment_status":"closed","ping_status":"closed","sticky":false,"template":"","format":"standard","meta":{"footnotes":""},"categories":[6],"tags":[],"class_list":["post-10606","post","type-post","status-publish","format-standard","has-post-thumbnail","hentry","category-cmiyyt"],"featured_image_urls":{"full":["https:\/\/veteran.az\/wp-content\/uploads\/2021\/06\/1623485552_cirpinirdi-karadeniz-ile-adindan-soz-ettiren-14195679_5333_o.jpg",640,361,false],"thumbnail":["https:\/\/veteran.az\/wp-content\/uploads\/2021\/06\/1623485552_cirpinirdi-karadeniz-ile-adindan-soz-ettiren-14195679_5333_o-150x150.jpg",150,150,true],"medium":["https:\/\/veteran.az\/wp-content\/uploads\/2021\/06\/1623485552_cirpinirdi-karadeniz-ile-adindan-soz-ettiren-14195679_5333_o-300x169.jpg",300,169,true],"medium_large":["https:\/\/veteran.az\/wp-content\/uploads\/2021\/06\/1623485552_cirpinirdi-karadeniz-ile-adindan-soz-ettiren-14195679_5333_o.jpg",640,361,false],"large":["https:\/\/veteran.az\/wp-content\/uploads\/2021\/06\/1623485552_cirpinirdi-karadeniz-ile-adindan-soz-ettiren-14195679_5333_o.jpg",640,361,false],"1536x1536":["https:\/\/veteran.az\/wp-content\/uploads\/2021\/06\/1623485552_cirpinirdi-karadeniz-ile-adindan-soz-ettiren-14195679_5333_o.jpg",640,361,false],"2048x2048":["https:\/\/veteran.az\/wp-content\/uploads\/2021\/06\/1623485552_cirpinirdi-karadeniz-ile-adindan-soz-ettiren-14195679_5333_o.jpg",640,361,false],"covernews-slider-full":["https:\/\/veteran.az\/wp-content\/uploads\/2021\/06\/1623485552_cirpinirdi-karadeniz-ile-adindan-soz-ettiren-14195679_5333_o.jpg",640,361,false],"covernews-slider-center":["https:\/\/veteran.az\/wp-content\/uploads\/2021\/06\/1623485552_cirpinirdi-karadeniz-ile-adindan-soz-ettiren-14195679_5333_o.jpg",640,361,false],"covernews-featured":["https:\/\/veteran.az\/wp-content\/uploads\/2021\/06\/1623485552_cirpinirdi-karadeniz-ile-adindan-soz-ettiren-14195679_5333_o.jpg",640,361,false],"covernews-medium":["https:\/\/veteran.az\/wp-content\/uploads\/2021\/06\/1623485552_cirpinirdi-karadeniz-ile-adindan-soz-ettiren-14195679_5333_o.jpg",540,305,false],"covernews-medium-square":["https:\/\/veteran.az\/wp-content\/uploads\/2021\/06\/1623485552_cirpinirdi-karadeniz-ile-adindan-soz-ettiren-14195679_5333_o.jpg",400,226,false]},"author_info":{"display_name":"Veteran.az","author_link":"https:\/\/veteran.az\/?author=3"},"category_info":"<a href=\"https:\/\/veteran.az\/?cat=6\" rel=\"category\">C\u0259miyy\u0259t<\/a>","tag_info":"C\u0259miyy\u0259t","comment_count":"0","_links":{"self":[{"href":"https:\/\/veteran.az\/index.php?rest_route=\/wp\/v2\/posts\/10606","targetHints":{"allow":["GET"]}}],"collection":[{"href":"https:\/\/veteran.az\/index.php?rest_route=\/wp\/v2\/posts"}],"about":[{"href":"https:\/\/veteran.az\/index.php?rest_route=\/wp\/v2\/types\/post"}],"author":[{"embeddable":true,"href":"https:\/\/veteran.az\/index.php?rest_route=\/wp\/v2\/users\/3"}],"replies":[{"embeddable":true,"href":"https:\/\/veteran.az\/index.php?rest_route=%2Fwp%2Fv2%2Fcomments&post=10606"}],"version-history":[{"count":1,"href":"https:\/\/veteran.az\/index.php?rest_route=\/wp\/v2\/posts\/10606\/revisions"}],"predecessor-version":[{"id":10608,"href":"https:\/\/veteran.az\/index.php?rest_route=\/wp\/v2\/posts\/10606\/revisions\/10608"}],"wp:featuredmedia":[{"embeddable":true,"href":"https:\/\/veteran.az\/index.php?rest_route=\/wp\/v2\/media\/10607"}],"wp:attachment":[{"href":"https:\/\/veteran.az\/index.php?rest_route=%2Fwp%2Fv2%2Fmedia&parent=10606"}],"wp:term":[{"taxonomy":"category","embeddable":true,"href":"https:\/\/veteran.az\/index.php?rest_route=%2Fwp%2Fv2%2Fcategories&post=10606"},{"taxonomy":"post_tag","embeddable":true,"href":"https:\/\/veteran.az\/index.php?rest_route=%2Fwp%2Fv2%2Ftags&post=10606"}],"curies":[{"name":"wp","href":"https:\/\/api.w.org\/{rel}","templated":true}]}}