{"id":10599,"date":"2021-06-12T01:02:56","date_gmt":"2021-06-11T21:02:56","guid":{"rendered":"http:\/\/veteran.az\/?p=10599"},"modified":"2021-06-12T01:02:57","modified_gmt":"2021-06-11T21:02:57","slug":"prezident-v%c9%99-xanimi-aleksandr-atanin-v%c9%99fati-il%c9%99-bagli-nekroloq-imzaladi","status":"publish","type":"post","link":"https:\/\/veteran.az\/?p=10599","title":{"rendered":"Prezident v\u0259 xan\u0131m\u0131 Aleksandr Atan\u0131n v\u0259fat\u0131 il\u0259 ba\u011fl\u0131 nekroloq imzalad\u0131"},"content":{"rendered":"\n<p><strong>Az\u0259rbaycan Prezidenti \u0130lham \u018fliyev, Birinci vitse-prezident Mehriban \u018fliyeva v\u0259 dig\u0259rl\u0259ri Rus Pravoslav Kils\u0259sinin Bak\u0131 v\u0259 Az\u0259rbaycan Yeparxiyas\u0131n\u0131n arxiyepiskopu Aleksandr \u0130\u015feinin v\u0259fat\u0131 il\u0259 ba\u011fl\u0131 nekroloq imzalay\u0131blar.<\/strong><\/p>\n\n\n\n<p><a target=\"_blank\" href=\"http:\/\/teleqraf.com\/\" rel=\"noreferrer noopener\">Teleqraf.com<\/a>-un m\u0259lumat\u0131na g\u00f6r\u0259, m\u0259tnd\u0259 deyilir:<\/p>\n\n\n\n<p>&#171;Az\u0259rbaycan\u0131n pravoslav xristian icmas\u0131na a\u011f\u0131r itki \u00fcz vermi\u015fdir. Tan\u0131nm\u0131\u015f din xadimi, Rus Pravoslav Kils\u0259sinin Bak\u0131 v\u0259 Az\u0259rbaycan Yeparxiyas\u0131n\u0131n arxiyepiskopu, Rus Pravoslav Kils\u0259sinin \u015euralararas\u0131 \u0130dar\u0259sinin \u00fczv\u00fc Aleksandr Gennadyevi\u00e7 \u0130\u015fein 2021-ci il iyun ay\u0131n\u0131n 10-da \u00f6mr\u00fcn\u00fcn 69-cu ilind\u0259 v\u0259fat etmi\u015fdir.<\/p>\n\n\n\n<p>Aleksandr \u0130\u015fein 1952-ci il iyunun 13-d\u0259 Rusiyan\u0131n Yaroslavl \u015f\u0259h\u0259rind\u0259 anadan olmu\u015fdur. Moskva Ruhani Seminariyas\u0131n\u0131 bitirdikd\u0259n sonra o, uzun m\u00fcdd\u0259t \u015eimali Qafqazda din xadimi kimi f\u0259aliyy\u0259t g\u00f6st\u0259rmi\u015fdir.<\/p>\n\n\n\n<p>1992-ci ild\u0259n Az\u0259rbaycanda dini f\u0259aliyy\u0259tini davam etdir\u0259n Aleksandr \u0130\u015fein 1995-ci ild\u0259 \u00f6lk\u0259mizd\u0259ki pravoslav prixodlar\u0131n\u0131n r\u0259hb\u0259ri v\u0259zif\u0259sin\u0259 t\u0259yin olunmu\u015f, Rus Pravoslav Kils\u0259sinin M\u00fcq\u0259dd\u0259s Sinodunun q\u0259rar\u0131 il\u0259 1998-ci ild\u0259 Bak\u0131 v\u0259 X\u0259z\u0259ryan\u0131 Yeparxiyan\u0131n, 2011-ci ild\u0259 Bak\u0131 v\u0259 Az\u0259rbaycan Yeparxiyas\u0131n\u0131n yepiskopu se\u00e7ilmi\u015f, daha sonra arxiyepiskop dini r\u00fctb\u0259sin\u0259 layiq g\u00f6r\u00fclm\u00fc\u015fd\u00fcr.<\/p>\n\n\n\n<p>Az\u0259rbaycana q\u0259lb\u0259n ba\u011fl\u0131 olan v\u0259 onu ikinci V\u0259t\u0259ni hesab ed\u0259n arxiyepiskop Aleksandr \u00f6lk\u0259mizin ictimai v\u0259 dini-m\u0259n\u0259vi h\u0259yat\u0131nda yax\u0131ndan i\u015ftirak etmi\u015f, dinl\u0259raras\u0131 v\u0259 xalqlararas\u0131 dostluq, qarda\u015fl\u0131q v\u0259 etimad m\u00fchitinin daha da m\u00f6hk\u0259ml\u0259ndirilm\u0259sin\u0259, c\u0259miyy\u0259td\u0259 konfessiyalararas\u0131 harmoniyan\u0131n v\u0259 etnik-dini tolerantl\u0131\u011f\u0131n inki\u015faf\u0131na sanball\u0131 t\u00f6hf\u0259l\u0259r vermi\u015fdir.<\/p>\n\n\n\n<p>Aleksandr \u0130\u015fein m\u00f6t\u0259b\u0259r beyn\u0259lxalq t\u0259dbirl\u0259r\u0259 qat\u0131laraq Az\u0259rbaycan h\u0259qiq\u0259tl\u0259rinin d\u00fcnya ictimaiyy\u0259tin\u0259 \u00e7atd\u0131r\u0131lmas\u0131 i\u015find\u0259 diqq\u0259t\u0259layiq xidm\u0259tl\u0259r g\u00f6st\u0259rmi\u015fdir.<\/p>\n\n\n\n<p>Arxiyepiskop Aleksandr\u0131n din xadimi kimi s\u0259m\u0259r\u0259li f\u0259aliyy\u0259ti y\u00fcks\u0259k qiym\u0259tl\u0259ndirilmi\u015fdir. O, 2002-ci ild\u0259 \u201c\u015e\u00f6hr\u0259t\u201d ordeni, 2012-ci ild\u0259 \u201cDostluq\u201d ordeni v\u0259 2015-ci ild\u0259 \u201cAz\u0259rbaycan Respublikas\u0131 Prezidentinin f\u0259xri diplomu\u201d il\u0259 t\u0259ltif edilmi\u015fdir.<\/p>\n\n\n\n<p>Tan\u0131nm\u0131\u015f din xadimi, xeyirxah v\u0259 n\u0259cib insan Aleksandr Gennadyevi\u00e7 \u0130\u015feinin i\u015f\u0131ql\u0131 xatir\u0259si onu tan\u0131yanlar\u0131n q\u0259lbind\u0259 daim ya\u015fayacaqd\u0131r.<\/p>\n\n\n\n<p>Q\u0259bri nurla dolsun!<\/p>\n\n\n\n<p>\u0130lham \u018fliyev<\/p>\n\n\n\n<p>Mehriban \u018fliyeva<\/p>\n\n\n\n<p>\u018fli \u018fs\u0259dov<\/p>\n\n\n\n<p>Sahib\u0259 Qafarova<\/p>\n\n\n\n<p>Samir Nuriyev<\/p>\n\n\n\n<p>Eldar \u018fzizov<\/p>\n\n\n\n<p>F\u0259r\u0259h \u018fliyeva<\/p>\n\n\n\n<p>M\u00fcbariz Qurbanl\u0131<\/p>\n\n\n\n<p>Allah\u015f\u00fck\u00fcr Pa\u015fazad\u0259<\/p>\n\n\n\n<p>Milix Yevdayev<\/p>\n\n\n\n<p>Aleksandr \u015earovski<\/p>\n\n\n\n<p>Robert Mobili&#187;<\/p>\n","protected":false},"excerpt":{"rendered":"<p>Az\u0259rbaycan Prezidenti \u0130lham \u018fliyev, Birinci vitse-prezident Mehriban \u018fliyeva v\u0259 dig\u0259rl\u0259ri Rus Pravoslav Kils\u0259sinin Bak\u0131 v\u0259&#8230;<\/p>\n","protected":false},"author":3,"featured_media":10600,"comment_status":"closed","ping_status":"closed","sticky":false,"template":"","format":"standard","meta":{"footnotes":""},"categories":[6],"tags":[],"class_list":["post-10599","post","type-post","status-publish","format-standard","has-post-thumbnail","hentry","category-cmiyyt"],"featured_image_urls":{"full":["https:\/\/veteran.az\/wp-content\/uploads\/2021\/06\/ilham-mehriban.jpg",850,530,false],"thumbnail":["https:\/\/veteran.az\/wp-content\/uploads\/2021\/06\/ilham-mehriban-150x150.jpg",150,150,true],"medium":["https:\/\/veteran.az\/wp-content\/uploads\/2021\/06\/ilham-mehriban-300x187.jpg",300,187,true],"medium_large":["https:\/\/veteran.az\/wp-content\/uploads\/2021\/06\/ilham-mehriban-768x479.jpg",640,399,true],"large":["https:\/\/veteran.az\/wp-content\/uploads\/2021\/06\/ilham-mehriban.jpg",640,399,false],"1536x1536":["https:\/\/veteran.az\/wp-content\/uploads\/2021\/06\/ilham-mehriban.jpg",850,530,false],"2048x2048":["https:\/\/veteran.az\/wp-content\/uploads\/2021\/06\/ilham-mehriban.jpg",850,530,false],"covernews-slider-full":["https:\/\/veteran.az\/wp-content\/uploads\/2021\/06\/ilham-mehriban.jpg",850,530,false],"covernews-slider-center":["https:\/\/veteran.az\/wp-content\/uploads\/2021\/06\/ilham-mehriban.jpg",800,500,false],"covernews-featured":["https:\/\/veteran.az\/wp-content\/uploads\/2021\/06\/ilham-mehriban.jpg",850,530,false],"covernews-medium":["https:\/\/veteran.az\/wp-content\/uploads\/2021\/06\/ilham-mehriban-720x380.jpg",540,285,true],"covernews-medium-square":["https:\/\/veteran.az\/wp-content\/uploads\/2021\/06\/ilham-mehriban-675x450.jpg",375,250,true]},"author_info":{"display_name":"Veteran.az","author_link":"https:\/\/veteran.az\/?author=3"},"category_info":"<a href=\"https:\/\/veteran.az\/?cat=6\" rel=\"category\">C\u0259miyy\u0259t<\/a>","tag_info":"C\u0259miyy\u0259t","comment_count":"0","_links":{"self":[{"href":"https:\/\/veteran.az\/index.php?rest_route=\/wp\/v2\/posts\/10599","targetHints":{"allow":["GET"]}}],"collection":[{"href":"https:\/\/veteran.az\/index.php?rest_route=\/wp\/v2\/posts"}],"about":[{"href":"https:\/\/veteran.az\/index.php?rest_route=\/wp\/v2\/types\/post"}],"author":[{"embeddable":true,"href":"https:\/\/veteran.az\/index.php?rest_route=\/wp\/v2\/users\/3"}],"replies":[{"embeddable":true,"href":"https:\/\/veteran.az\/index.php?rest_route=%2Fwp%2Fv2%2Fcomments&post=10599"}],"version-history":[{"count":1,"href":"https:\/\/veteran.az\/index.php?rest_route=\/wp\/v2\/posts\/10599\/revisions"}],"predecessor-version":[{"id":10601,"href":"https:\/\/veteran.az\/index.php?rest_route=\/wp\/v2\/posts\/10599\/revisions\/10601"}],"wp:featuredmedia":[{"embeddable":true,"href":"https:\/\/veteran.az\/index.php?rest_route=\/wp\/v2\/media\/10600"}],"wp:attachment":[{"href":"https:\/\/veteran.az\/index.php?rest_route=%2Fwp%2Fv2%2Fmedia&parent=10599"}],"wp:term":[{"taxonomy":"category","embeddable":true,"href":"https:\/\/veteran.az\/index.php?rest_route=%2Fwp%2Fv2%2Fcategories&post=10599"},{"taxonomy":"post_tag","embeddable":true,"href":"https:\/\/veteran.az\/index.php?rest_route=%2Fwp%2Fv2%2Ftags&post=10599"}],"curies":[{"name":"wp","href":"https:\/\/api.w.org\/{rel}","templated":true}]}}