{"id":10596,"date":"2021-06-12T00:53:48","date_gmt":"2021-06-11T20:53:48","guid":{"rendered":"http:\/\/veteran.az\/?p=10596"},"modified":"2021-06-12T00:53:50","modified_gmt":"2021-06-11T20:53:50","slug":"deputat-o-nazir-mm-%c9%99-g%c9%99lib-suallara-cavab-verm%c9%99lidir-video","status":"publish","type":"post","link":"https:\/\/veteran.az\/?p=10596","title":{"rendered":"Deputat: O nazir MM-\u0259 g\u0259lib suallara cavab verm\u0259lidir! &#8212; Video"},"content":{"rendered":"\n<p><strong>Qanuna d\u0259yi\u015fiklikl\u0259rd\u0259 deputatlar\u0131n t\u0259klifl\u0259rinin he\u00e7 biri n\u0259z\u0259r\u0259 al\u0131nmay\u0131b. Ona g\u00f6r\u0259 d\u0259 bu qanuna s\u0259s verm\u0259k \u00e7\u0259tindir.<\/strong><\/p>\n\n\n\n<p><a target=\"_blank\" href=\"http:\/\/axar.az\/\" rel=\"noreferrer noopener\">Axar.az<\/a>&nbsp;x\u0259b\u0259r verir ki, bu s\u00f6zl\u0259ri Milli M\u0259clisin deputat\u0131 Sabir R\u00fcst\u0259mxanl\u0131 parlamentin bu g\u00fcn ke\u00e7iril\u0259n iclas\u0131nda \u201c\u018flilliyi olan \u015f\u0259xsl\u0259rin h\u00fcquqlar\u0131 haqq\u0131nda\u201d qanuna d\u0259yi\u015fiklik layih\u0259sinin II oxunu\u015fda m\u00fczakir\u0259si zaman\u0131 deyib.<\/p>\n\n\n\n<p>\u201cBir se\u00e7icim m\u0259n\u0259 deyir ki, komissiyadan onun t\u0259qa\u00fcd\u00fcn\u00fc s\u0259rt dan\u0131\u015fd\u0131\u011f\u0131na g\u00f6r\u0259 k\u0259sibl\u0259r. M\u0259g\u0259r s\u0259rt dan\u0131\u015fma\u011fa g\u00f6r\u0259 bel\u0259 ed\u0259rl\u0259r? \u018fm\u0259k v\u0259 \u0259halinin sosial m\u00fcdafi\u0259si naziri g\u0259lib Milli M\u0259clisd\u0259 pensiyalarla, \u0259lillikl\u0259 ba\u011fl\u0131 m\u0259s\u0259l\u0259l\u0259r\u0259 ayd\u0131nl\u0131q g\u0259tirm\u0259lidir. Yeni qanunlar q\u0259bul edil\u0259rk\u0259n Az\u0259rbaycan\u0131n \u00f6z durumu \u0259sas g\u00f6t\u00fcr\u00fclm\u0259lidir. \u0130nsanlar\u0131 naraz\u0131 salmadan t\u0259qa\u00fcdl\u0259rin m\u00fc\u0259yy\u0259nl\u0259\u015fm\u0259sind\u0259 obyektivliyi v\u0259 yeni yana\u015fmalar\u0131 t\u0259tbiq etm\u0259k olar. Faizl\u0259r nec\u0259 hesablanacaq v\u0259 h\u0259min qurumlar kiml\u0259r olacaq, onlar yalan\u00e7\u0131 pensiya ver\u0259nl\u0259rd\u0259n f\u0259rql\u0259nm\u0259y\u0259n\u0259 q\u0259d\u0259r m\u0259n bu qanuna s\u0259s ver\u0259 bilm\u0259r\u0259m\u201d &#8212; deputat vur\u011fulay\u0131b.<\/p>\n\n\n\n<figure class=\"wp-block-embed is-type-video is-provider-youtube wp-block-embed-youtube wp-embed-aspect-16-9 wp-has-aspect-ratio\"><div class=\"wp-block-embed__wrapper\">\n<iframe loading=\"lazy\" title=\"O nazir MM-\u0259 g\u0259lib suallara cavab verm\u0259lidir! - Deputat\" width=\"640\" height=\"360\" src=\"https:\/\/www.youtube.com\/embed\/6EUvi2REQJE?feature=oembed\" frameborder=\"0\" allow=\"accelerometer; autoplay; clipboard-write; encrypted-media; gyroscope; picture-in-picture; web-share\" referrerpolicy=\"strict-origin-when-cross-origin\" allowfullscreen><\/iframe>\n<\/div><\/figure>\n","protected":false},"excerpt":{"rendered":"<p>Qanuna d\u0259yi\u015fiklikl\u0259rd\u0259 deputatlar\u0131n t\u0259klifl\u0259rinin he\u00e7 biri n\u0259z\u0259r\u0259 al\u0131nmay\u0131b. Ona g\u00f6r\u0259 d\u0259 bu qanuna s\u0259s verm\u0259k&#8230;<\/p>\n","protected":false},"author":3,"featured_media":10597,"comment_status":"closed","ping_status":"closed","sticky":false,"template":"","format":"standard","meta":{"footnotes":""},"categories":[5],"tags":[],"class_list":["post-10596","post","type-post","status-publish","format-standard","has-post-thumbnail","hentry","category-sosial"],"featured_image_urls":{"full":["https:\/\/veteran.az\/wp-content\/uploads\/2021\/06\/sabir-rustem.jpg",660,431,false],"thumbnail":["https:\/\/veteran.az\/wp-content\/uploads\/2021\/06\/sabir-rustem-150x150.jpg",150,150,true],"medium":["https:\/\/veteran.az\/wp-content\/uploads\/2021\/06\/sabir-rustem-300x196.jpg",300,196,true],"medium_large":["https:\/\/veteran.az\/wp-content\/uploads\/2021\/06\/sabir-rustem.jpg",640,418,false],"large":["https:\/\/veteran.az\/wp-content\/uploads\/2021\/06\/sabir-rustem.jpg",640,418,false],"1536x1536":["https:\/\/veteran.az\/wp-content\/uploads\/2021\/06\/sabir-rustem.jpg",660,431,false],"2048x2048":["https:\/\/veteran.az\/wp-content\/uploads\/2021\/06\/sabir-rustem.jpg",660,431,false],"covernews-slider-full":["https:\/\/veteran.az\/wp-content\/uploads\/2021\/06\/sabir-rustem.jpg",660,431,false],"covernews-slider-center":["https:\/\/veteran.az\/wp-content\/uploads\/2021\/06\/sabir-rustem.jpg",660,431,false],"covernews-featured":["https:\/\/veteran.az\/wp-content\/uploads\/2021\/06\/sabir-rustem.jpg",660,431,false],"covernews-medium":["https:\/\/veteran.az\/wp-content\/uploads\/2021\/06\/sabir-rustem-660x380.jpg",540,311,true],"covernews-medium-square":["https:\/\/veteran.az\/wp-content\/uploads\/2021\/06\/sabir-rustem.jpg",383,250,false]},"author_info":{"display_name":"Veteran.az","author_link":"https:\/\/veteran.az\/?author=3"},"category_info":"<a href=\"https:\/\/veteran.az\/?cat=5\" rel=\"category\">Sosial<\/a>","tag_info":"Sosial","comment_count":"0","_links":{"self":[{"href":"https:\/\/veteran.az\/index.php?rest_route=\/wp\/v2\/posts\/10596","targetHints":{"allow":["GET"]}}],"collection":[{"href":"https:\/\/veteran.az\/index.php?rest_route=\/wp\/v2\/posts"}],"about":[{"href":"https:\/\/veteran.az\/index.php?rest_route=\/wp\/v2\/types\/post"}],"author":[{"embeddable":true,"href":"https:\/\/veteran.az\/index.php?rest_route=\/wp\/v2\/users\/3"}],"replies":[{"embeddable":true,"href":"https:\/\/veteran.az\/index.php?rest_route=%2Fwp%2Fv2%2Fcomments&post=10596"}],"version-history":[{"count":1,"href":"https:\/\/veteran.az\/index.php?rest_route=\/wp\/v2\/posts\/10596\/revisions"}],"predecessor-version":[{"id":10598,"href":"https:\/\/veteran.az\/index.php?rest_route=\/wp\/v2\/posts\/10596\/revisions\/10598"}],"wp:featuredmedia":[{"embeddable":true,"href":"https:\/\/veteran.az\/index.php?rest_route=\/wp\/v2\/media\/10597"}],"wp:attachment":[{"href":"https:\/\/veteran.az\/index.php?rest_route=%2Fwp%2Fv2%2Fmedia&parent=10596"}],"wp:term":[{"taxonomy":"category","embeddable":true,"href":"https:\/\/veteran.az\/index.php?rest_route=%2Fwp%2Fv2%2Fcategories&post=10596"},{"taxonomy":"post_tag","embeddable":true,"href":"https:\/\/veteran.az\/index.php?rest_route=%2Fwp%2Fv2%2Ftags&post=10596"}],"curies":[{"name":"wp","href":"https:\/\/api.w.org\/{rel}","templated":true}]}}