{"id":10583,"date":"2021-06-11T00:46:47","date_gmt":"2021-06-10T20:46:47","guid":{"rendered":"http:\/\/veteran.az\/?p=10583"},"modified":"2021-06-11T00:46:48","modified_gmt":"2021-06-10T20:46:48","slug":"terrorcu-erm%c9%99nil%c9%99r-sarqsyanla-d%c9%99yisdiril%c9%99-bil%c9%99r-qarabag-xronikasi-video","status":"publish","type":"post","link":"https:\/\/veteran.az\/?p=10583","title":{"rendered":"Terror\u00e7u erm\u0259nil\u0259r Sarqsyanla d\u0259yi\u015fdiril\u0259 bil\u0259r \u2013 \u201cQaraba\u011f xronikas\u0131\u201d\/ V\u0130DEO"},"content":{"rendered":"\n<p><strong>Baku TV-d\u0259 yay\u0131mlanan \u201cQaraba\u011f xronikas\u0131\u201d verili\u015finin \u201cErm\u0259ni terror\u00e7ular\u0131 Sarqsyanla d\u0259yi\u015fdiril\u0259 bil\u0259r\u201d adl\u0131 33-c\u00fc burax\u0131l\u0131\u015f\u0131 efir\u0259 gedib.<\/strong><\/p>\n\n\n\n<p>Verili\u015fin apar\u0131c\u0131s\u0131, h\u0259rbi jurnalist F\u0259rdin \u0130sazad\u0259, h\u0259rbi cinay\u0259tkar Serj Sarqsyan\u0131n ba\u015f nazir v\u0259zif\u0259l\u0259rini icra ed\u0259n Nikol Pa\u015finyana o\u011flu A\u015fotu Az\u0259rbaycanda saxlan\u0131lan erm\u0259ni terror\u00e7ular\u0131 il\u0259 \u201cd\u0259yi\u015f\u201d \u00e7a\u011f\u0131r\u0131\u015f\u0131na toxunub.<\/p>\n\n\n\n<p>\u201c\u018fslind\u0259, bu cinay\u0259tkar\u0131n t\u0259klifind\u0259 t\u0259\u0259cc\u00fcbl\u00fc bir \u015fey yoxdur. Birinci Qaraba\u011f m\u00fcharib\u0259si d\u00f6vr\u00fcnd\u0259 erm\u0259ni quldur birl\u0259\u015fm\u0259l\u0259rinin s\u0259hra komandiri olan Sarqsyan \u00fc\u00e7\u00fcn \u0259sir al\u0131b-satmaq, girov g\u00f6t\u00fcrm\u0259k, d\u0259yi\u015fdirm\u0259k adi v\u0259rdi\u015fdir. V\u0259 g\u00f6r\u00fcn\u0259n odur ki, h\u0259tta iki d\u00f6vrl\u00fck prezident kreslosu bel\u0259, bu adam\u0131n insan alver\u00e7isi mahiyy\u0259tini d\u0259yi\u015fm\u0259yib\u201d,- dey\u0259 jurnalist bildirib.<br>O qeyd edib ki, erm\u0259ni terror\u00e7ular\u0131n\u0131n m\u00fcqabilind\u0259 \u00f6d\u0259nil\u0259c\u0259k qiym\u0259t \u201cb\u0131\u011f yeri t\u0259z\u0259c\u0259 t\u0259rl\u0259mi\u015f A\u015fot ola bilm\u0259z\u201d.<\/p>\n\n\n\n<p>\u201c\u018fg\u0259r Serj Sarqsyan\u0131 saxlan\u0131lan erm\u0259ni terror\u00e7ular\u0131n\u0131n taleyi bu q\u0259d\u0259r narahat edirs\u0259, o zaman o \u00f6z\u00fc bu terro\u00e7ular\u0131n azad olunmas\u0131 m\u00fcqabilind\u0259 k\u00f6n\u00fcll\u00fc olaraq Az\u0259rbaycana t\u0259slim olsun\u201d, &#8212; dey\u0259 F.\u0130sazad\u0259 qeyd edib.<\/p>\n\n\n\n<p>S\u00f6z\u00fcged\u0259n verili\u015fi t\u0259qdim edirik:<\/p>\n\n\n\n<p>M\u0259nb\u0259: <strong>BAKU.WS<\/strong><\/p>\n\n\n\n<figure class=\"wp-block-embed is-type-video is-provider-youtube wp-block-embed-youtube wp-embed-aspect-16-9 wp-has-aspect-ratio\"><div class=\"wp-block-embed__wrapper\">\n<iframe loading=\"lazy\" title=\"Erm\u0259ni terror\u00e7ular\u0131 Sarqsyanla d\u0259yi\u015fdiril\u0259 bil\u0259r - Qaraba\u011f xronikas\u0131 33-c\u00fc burax\u0131l\u0131\u015f\" width=\"640\" height=\"360\" src=\"https:\/\/www.youtube.com\/embed\/zftt8iAi1bI?feature=oembed\" frameborder=\"0\" allow=\"accelerometer; autoplay; clipboard-write; encrypted-media; gyroscope; picture-in-picture; web-share\" referrerpolicy=\"strict-origin-when-cross-origin\" allowfullscreen><\/iframe>\n<\/div><\/figure>\n","protected":false},"excerpt":{"rendered":"<p>Baku TV-d\u0259 yay\u0131mlanan \u201cQaraba\u011f xronikas\u0131\u201d verili\u015finin \u201cErm\u0259ni terror\u00e7ular\u0131 Sarqsyanla d\u0259yi\u015fdiril\u0259 bil\u0259r\u201d adl\u0131 33-c\u00fc burax\u0131l\u0131\u015f\u0131 efir\u0259&#8230;<\/p>\n","protected":false},"author":3,"featured_media":10584,"comment_status":"closed","ping_status":"closed","sticky":false,"template":"","format":"standard","meta":{"footnotes":""},"categories":[10],"tags":[],"class_list":["post-10583","post","type-post","status-publish","format-standard","has-post-thumbnail","hentry","category-avmvib"],"featured_image_urls":{"full":["https:\/\/veteran.az\/wp-content\/uploads\/2021\/06\/1623342227_er.jpg",620,349,false],"thumbnail":["https:\/\/veteran.az\/wp-content\/uploads\/2021\/06\/1623342227_er-150x150.jpg",150,150,true],"medium":["https:\/\/veteran.az\/wp-content\/uploads\/2021\/06\/1623342227_er-300x169.jpg",300,169,true],"medium_large":["https:\/\/veteran.az\/wp-content\/uploads\/2021\/06\/1623342227_er.jpg",620,349,false],"large":["https:\/\/veteran.az\/wp-content\/uploads\/2021\/06\/1623342227_er.jpg",620,349,false],"1536x1536":["https:\/\/veteran.az\/wp-content\/uploads\/2021\/06\/1623342227_er.jpg",620,349,false],"2048x2048":["https:\/\/veteran.az\/wp-content\/uploads\/2021\/06\/1623342227_er.jpg",620,349,false],"covernews-slider-full":["https:\/\/veteran.az\/wp-content\/uploads\/2021\/06\/1623342227_er.jpg",620,349,false],"covernews-slider-center":["https:\/\/veteran.az\/wp-content\/uploads\/2021\/06\/1623342227_er.jpg",620,349,false],"covernews-featured":["https:\/\/veteran.az\/wp-content\/uploads\/2021\/06\/1623342227_er.jpg",620,349,false],"covernews-medium":["https:\/\/veteran.az\/wp-content\/uploads\/2021\/06\/1623342227_er.jpg",540,304,false],"covernews-medium-square":["https:\/\/veteran.az\/wp-content\/uploads\/2021\/06\/1623342227_er.jpg",400,225,false]},"author_info":{"display_name":"Veteran.az","author_link":"https:\/\/veteran.az\/?author=3"},"category_info":"<a href=\"https:\/\/veteran.az\/?cat=10\" rel=\"category\">AVMV\u0130B<\/a>","tag_info":"AVMV\u0130B","comment_count":"0","_links":{"self":[{"href":"https:\/\/veteran.az\/index.php?rest_route=\/wp\/v2\/posts\/10583","targetHints":{"allow":["GET"]}}],"collection":[{"href":"https:\/\/veteran.az\/index.php?rest_route=\/wp\/v2\/posts"}],"about":[{"href":"https:\/\/veteran.az\/index.php?rest_route=\/wp\/v2\/types\/post"}],"author":[{"embeddable":true,"href":"https:\/\/veteran.az\/index.php?rest_route=\/wp\/v2\/users\/3"}],"replies":[{"embeddable":true,"href":"https:\/\/veteran.az\/index.php?rest_route=%2Fwp%2Fv2%2Fcomments&post=10583"}],"version-history":[{"count":1,"href":"https:\/\/veteran.az\/index.php?rest_route=\/wp\/v2\/posts\/10583\/revisions"}],"predecessor-version":[{"id":10585,"href":"https:\/\/veteran.az\/index.php?rest_route=\/wp\/v2\/posts\/10583\/revisions\/10585"}],"wp:featuredmedia":[{"embeddable":true,"href":"https:\/\/veteran.az\/index.php?rest_route=\/wp\/v2\/media\/10584"}],"wp:attachment":[{"href":"https:\/\/veteran.az\/index.php?rest_route=%2Fwp%2Fv2%2Fmedia&parent=10583"}],"wp:term":[{"taxonomy":"category","embeddable":true,"href":"https:\/\/veteran.az\/index.php?rest_route=%2Fwp%2Fv2%2Fcategories&post=10583"},{"taxonomy":"post_tag","embeddable":true,"href":"https:\/\/veteran.az\/index.php?rest_route=%2Fwp%2Fv2%2Ftags&post=10583"}],"curies":[{"name":"wp","href":"https:\/\/api.w.org\/{rel}","templated":true}]}}