{"id":10428,"date":"2021-06-02T12:22:12","date_gmt":"2021-06-02T08:22:12","guid":{"rendered":"http:\/\/veteran.az\/?p=10428"},"modified":"2021-06-02T12:22:13","modified_gmt":"2021-06-02T08:22:13","slug":"erm%c9%99ni-cinay%c9%99tkarlarin-m%c9%99hk%c9%99m%c9%99si-oldu","status":"publish","type":"post","link":"https:\/\/veteran.az\/?p=10428","title":{"rendered":"Erm\u0259ni cinay\u0259tkarlar\u0131n m\u0259hk\u0259m\u0259si oldu"},"content":{"rendered":"\n<p><strong>Birinci Qaraba\u011f M\u00fcharib\u0259sind\u0259 az\u0259rbaycanl\u0131 \u0259sirl\u0259r\u0259 i\u015fg\u0259nc\u0259 vermi\u015f v\u0259 dig\u0259r cinay\u0259tl\u0259r t\u00f6r\u0259tmi\u015f erm\u0259ni yaraql\u0131lar\u0131 Erm\u0259nistan v\u0259t\u0259nda\u015flar\u0131 &#8212; 1969-cu il t\u0259v\u0259ll\u00fcdl\u00fc Mkrti\u00e7yan L\u00fcdvik Mkrti\u00e7ovi\u00e7 v\u0259 1967-ci il t\u0259v\u0259ll\u00fcdl\u00fc Xosrovyan Alyo\u015fa Aramaisovi\u00e7in cinay\u0259t i\u015fi \u00fczr\u0259 m\u0259hk\u0259m\u0259nin haz\u0131rl\u0131q iclas\u0131 ke\u00e7irilib.<\/strong><\/p>\n\n\n\n<p>Proses Yasamal rayon M\u0259hk\u0259m\u0259sinin inzibati binas\u0131nda ba\u015f tutub.<\/p>\n\n\n\n<p>Cinay\u0259t i\u015fi \u00fczr\u0259 proses\u0259 Bak\u0131 H\u0259rbi M\u0259hk\u0259m\u0259sinin hakimi Elb\u0259y Allahverdiyevin s\u0259drliyi il\u0259 bax\u0131l\u0131r.<\/p>\n\n\n\n<p>Prosesd\u0259 t\u0259qsirl\u0259ndiril\u0259n \u015f\u0259xsl\u0259rin anket m\u0259lumatlar\u0131 d\u0259qiql\u0259\u015fdirilib.<\/p>\n\n\n\n<p>Daha sonra cinay\u0259t i\u015fi \u00fczr\u0259 z\u0259r\u0259r\u00e7\u0259kmi\u015f, z\u0259r\u0259r\u00e7\u0259kmi\u015fl\u0259rin h\u00fcquqi vairsil\u0259rinin kimliyi m\u00fc\u0259yy\u0259n edilib.<\/p>\n\n\n\n<p>Prosesd\u0259 \u00e7\u0131x\u0131\u015f ed\u0259n t\u0259qsirl\u0259ndiril\u0259n Xosrovyan Alyo\u015fa Aramaisovi\u00e7 bildirib ki, \u00f6mr\u00fcnd\u0259 iki d\u0259f\u0259 Qaraba\u011fda olub. Onun s\u00f6zl\u0259rin\u0259 g\u00f6r\u0259, ilk d\u0259f\u0259 1993-c\u00fc ild\u0259, sonuncu d\u0259f\u0259 is\u0259 2020-ci ild\u0259 Qaraba\u011fa g\u0259lib. O deyib ki, \u00f6n\u00fcr\u00fcnd\u0259 h\u0259bsxana h\u0259yat\u0131 ya\u015famay\u0131b, ilk d\u0259f\u0259dir ki, h\u0259bs\u0259 d\u00fc\u015f\u00fcb. Xosrovyan Alyo\u015fa Aramaisovi\u00e7 \u00f6z\u00fcn\u00fc g\u00fcnahkar saymad\u0131\u011f\u0131 deyib.<\/p>\n\n\n\n<p>Daha sonra iclasda \u00e7\u0131x\u0131\u015f ed\u0259n d\u00f6vl\u0259t ittiham\u00e7\u0131s\u0131 deyib ki, ba\u015f ver\u0259n cinay\u0259t hadis\u0259l\u0259rind\u0259n 30 ild\u0259n \u00e7ox m\u00fcdd\u0259t ke\u00e7s\u0259 d\u0259, i\u015f m\u00fcharib\u0259 cinay\u0259tl\u0259rin\u0259 aid oldu\u011fu \u00fc\u00e7\u00fcn i\u015f\u0259 xitam verilm\u0259sin\u0259 \u0259sas yoxdur. Prokuror i\u015fin m\u0259hk\u0259m\u0259y\u0259 verilm\u0259sini t\u0259klif edib. T\u0259r\u0259fl\u0259r buna etiraz etm\u0259yib.<\/p>\n\n\n\n<p>M\u0259hk\u0259m\u0259 iclas zal\u0131nda i\u015ftirak ed\u0259n Ombudsman S\u0259bin\u0259 \u018fliyeva hakiml\u0259r m\u00fc\u015favir\u0259d\u0259 olan zaman t\u0259qsirl\u0259ndiril\u0259n \u015f\u0259xsl\u0259rl\u0259 g\u00f6r\u00fc\u015f\u00fcb, onlar\u0131n s\u0259hh\u0259ti il\u0259 maraqlan\u0131b.<\/p>\n\n\n\n<p>Daha sonra m\u00fc\u015favir\u0259d\u0259n qay\u0131dan hakim hey\u0259ti m\u0259hk\u0259m\u0259 bax\u0131\u015f\u0131n\u0131n iyunun 9-na t\u0259yin edib.(axar.az)<\/p>\n","protected":false},"excerpt":{"rendered":"<p>Birinci Qaraba\u011f M\u00fcharib\u0259sind\u0259 az\u0259rbaycanl\u0131 \u0259sirl\u0259r\u0259 i\u015fg\u0259nc\u0259 vermi\u015f v\u0259 dig\u0259r cinay\u0259tl\u0259r t\u00f6r\u0259tmi\u015f erm\u0259ni yaraql\u0131lar\u0131 Erm\u0259nistan v\u0259t\u0259nda\u015flar\u0131&#8230;<\/p>\n","protected":false},"author":3,"featured_media":10429,"comment_status":"closed","ping_status":"closed","sticky":false,"template":"","format":"standard","meta":{"footnotes":""},"categories":[6],"tags":[],"class_list":["post-10428","post","type-post","status-publish","format-standard","has-post-thumbnail","hentry","category-cmiyyt"],"featured_image_urls":{"full":["https:\/\/veteran.az\/wp-content\/uploads\/2021\/06\/terrorcular-mehkeme.jpg",557,326,false],"thumbnail":["https:\/\/veteran.az\/wp-content\/uploads\/2021\/06\/terrorcular-mehkeme-150x150.jpg",150,150,true],"medium":["https:\/\/veteran.az\/wp-content\/uploads\/2021\/06\/terrorcular-mehkeme-300x176.jpg",300,176,true],"medium_large":["https:\/\/veteran.az\/wp-content\/uploads\/2021\/06\/terrorcular-mehkeme.jpg",557,326,false],"large":["https:\/\/veteran.az\/wp-content\/uploads\/2021\/06\/terrorcular-mehkeme.jpg",557,326,false],"1536x1536":["https:\/\/veteran.az\/wp-content\/uploads\/2021\/06\/terrorcular-mehkeme.jpg",557,326,false],"2048x2048":["https:\/\/veteran.az\/wp-content\/uploads\/2021\/06\/terrorcular-mehkeme.jpg",557,326,false],"covernews-slider-full":["https:\/\/veteran.az\/wp-content\/uploads\/2021\/06\/terrorcular-mehkeme.jpg",557,326,false],"covernews-slider-center":["https:\/\/veteran.az\/wp-content\/uploads\/2021\/06\/terrorcular-mehkeme.jpg",557,326,false],"covernews-featured":["https:\/\/veteran.az\/wp-content\/uploads\/2021\/06\/terrorcular-mehkeme.jpg",557,326,false],"covernews-medium":["https:\/\/veteran.az\/wp-content\/uploads\/2021\/06\/terrorcular-mehkeme.jpg",540,316,false],"covernews-medium-square":["https:\/\/veteran.az\/wp-content\/uploads\/2021\/06\/terrorcular-mehkeme.jpg",400,234,false]},"author_info":{"display_name":"Veteran.az","author_link":"https:\/\/veteran.az\/?author=3"},"category_info":"<a href=\"https:\/\/veteran.az\/?cat=6\" rel=\"category\">C\u0259miyy\u0259t<\/a>","tag_info":"C\u0259miyy\u0259t","comment_count":"0","_links":{"self":[{"href":"https:\/\/veteran.az\/index.php?rest_route=\/wp\/v2\/posts\/10428","targetHints":{"allow":["GET"]}}],"collection":[{"href":"https:\/\/veteran.az\/index.php?rest_route=\/wp\/v2\/posts"}],"about":[{"href":"https:\/\/veteran.az\/index.php?rest_route=\/wp\/v2\/types\/post"}],"author":[{"embeddable":true,"href":"https:\/\/veteran.az\/index.php?rest_route=\/wp\/v2\/users\/3"}],"replies":[{"embeddable":true,"href":"https:\/\/veteran.az\/index.php?rest_route=%2Fwp%2Fv2%2Fcomments&post=10428"}],"version-history":[{"count":1,"href":"https:\/\/veteran.az\/index.php?rest_route=\/wp\/v2\/posts\/10428\/revisions"}],"predecessor-version":[{"id":10430,"href":"https:\/\/veteran.az\/index.php?rest_route=\/wp\/v2\/posts\/10428\/revisions\/10430"}],"wp:featuredmedia":[{"embeddable":true,"href":"https:\/\/veteran.az\/index.php?rest_route=\/wp\/v2\/media\/10429"}],"wp:attachment":[{"href":"https:\/\/veteran.az\/index.php?rest_route=%2Fwp%2Fv2%2Fmedia&parent=10428"}],"wp:term":[{"taxonomy":"category","embeddable":true,"href":"https:\/\/veteran.az\/index.php?rest_route=%2Fwp%2Fv2%2Fcategories&post=10428"},{"taxonomy":"post_tag","embeddable":true,"href":"https:\/\/veteran.az\/index.php?rest_route=%2Fwp%2Fv2%2Ftags&post=10428"}],"curies":[{"name":"wp","href":"https:\/\/api.w.org\/{rel}","templated":true}]}}