{"id":10413,"date":"2021-06-02T00:46:18","date_gmt":"2021-06-01T20:46:18","guid":{"rendered":"http:\/\/veteran.az\/?p=10413"},"modified":"2021-06-02T00:46:18","modified_gmt":"2021-06-01T20:46:18","slug":"fransanin-h%c9%99r-hansi-rolunu-gormuruk-xin-d%c9%99n-makrona-s%c9%99rt-cavab","status":"publish","type":"post","link":"https:\/\/veteran.az\/?p=10413","title":{"rendered":"Fransan\u0131n h\u0259r hans\u0131 rolunu g\u00f6rm\u00fcr\u00fck &#8212; X\u0130N-d\u0259n Makrona s\u0259rt CAVAB"},"content":{"rendered":"\n<p><strong>&#171;\u00d6nc\u0259 vur\u011fulamaq ist\u0259rdik ki, b\u00f6lg\u0259d\u0259 at\u0259\u015fk\u0259s t\u0259min edilir v\u0259 bunun \u0259sas\u0131nda Az\u0259rbaycan, Erm\u0259nistan v\u0259 Rusiya liderl\u0259rinin 10 noyabr 2020-ci il tarixind\u0259 imzalad\u0131\u011f\u0131 birg\u0259 b\u0259yanat dayan\u0131r. Az\u0259rbaycan \u0259razisind\u0259 m\u00fcv\u0259qq\u0259ti yerl\u0259\u015f\u0259n Rusiya s\u00fclhm\u0259raml\u0131 q\u00fcvv\u0259l\u0259ri s\u00fclhm\u0259raml\u0131 missiyan\u0131 yerin\u0259 yetir\u0259r\u0259k at\u0259\u015fk\u0259sin t\u0259min olunmas\u0131na \u00e7al\u0131\u015f\u0131rlar. Bu m\u0259s\u0259l\u0259d\u0259 Fransan\u0131n h\u0259r hans\u0131 rolunu g\u00f6rm\u00fcr\u00fck&#187;.<\/strong><\/p>\n\n\n\n<p>Bu s\u00f6zl\u0259ri Az\u0259rbaycan Respublikas\u0131 Xarici \u0130\u015fl\u0259r Nazirliyinin M\u0259tbuat xidm\u0259ti idar\u0259sinin r\u0259isi Leyla Abdullayeva Fransa Prezidenti E.Makronun Erm\u0259nistan ba\u015f naziri il\u0259 birg\u0259 m\u0259tbuat brifinqind\u0259 s\u0259sl\u0259ndirdiyi fikirl\u0259r\u0259 m\u00fcnasib\u0259t bildirilm\u0259si il\u0259 ba\u011fl\u0131 sual\u0131 cavabland\u0131rark\u0259n deyib.<\/p>\n\n\n\n<p>L.Abdullayeva bildirib ki, Az\u0259rbaycan t\u0259r\u0259fi h\u0259r zaman b\u00fct\u00fcn h\u0259rbi \u0259sirl\u0259rin \u201cham\u0131n\u0131n ham\u0131ya\u201d prinsipi \u0259sas\u0131nda d\u0259yi\u015fdirilm\u0259si m\u00f6vqeyind\u0259n \u00e7\u0131x\u0131\u015f edib: &#171;D\u0259f\u0259l\u0259rl\u0259 b\u0259yan etdiyimiz kimi, Az\u0259rbaycanda erm\u0259ni \u0259silli h\u0259rbi \u0259sir yoxdur, o ki, qald\u0131 \u00fc\u00e7t\u0259r\u0259fli b\u0259yanat imzaland\u0131qdan sonra 26 noyabr 2020-ci il tarixind\u0259 Az\u0259rbaycan \u0259razisin\u0259 g\u00f6nd\u0259ril\u0259n v\u0259 burada terror akt\u0131 t\u00f6r\u0259d\u0259n diversant qrupun \u00fczvl\u0259rin\u0259, habel\u0259 27 may tarixind\u0259 K\u0259lb\u0259c\u0259r rayonu istiqam\u0259tind\u0259 \u0259razimiz\u0259 daxil olaraq yollar\u0131n minalanmas\u0131na y\u00f6n\u0259l\u0259n t\u0259xribat\u00e7\u0131 f\u0259aliyy\u0259t c\u0259hdi g\u00f6st\u0259r\u0259n k\u0259\u015ffiyyat-diversiya qrupunun \u00fczvl\u0259rin\u0259 onlar h\u0259rbi \u0259sir deyill\u0259r.<\/p>\n\n\n\n<p>Erm\u0259nistan t\u0259r\u0259find\u0259n itkin d\u00fc\u015fm\u00fc\u015f erm\u0259ni \u0259sg\u0259rl\u0259ri il\u0259 ba\u011fl\u0131 ir\u0259li s\u00fcr\u00fclm\u00fc\u015f saxta ittihamlar il\u0259 ba\u011fl\u0131 qeyd etm\u0259k ist\u0259rdik ki, bu g\u00fcnl\u0259rd\u0259 Erm\u0259nistanda a\u015fkar edildiyi kimi itkin d\u00fc\u015fm\u00fc\u015f erm\u0259ni \u0259sg\u0259rl\u0259ri morqlar\u0131n birind\u0259 soyuducuda saxlan\u0131l\u0131r v\u0259 bu da Erm\u0259nistanda b\u00f6y\u00fck qalmaqala s\u0259b\u0259b olub. Az\u0259rbaycan is\u0259 \u00f6z t\u0259r\u0259find\u0259n humanitar prinsipl\u0259rd\u0259n \u00e7\u0131x\u0131\u015f ed\u0259r\u0259k, 1 600-\u0259 yax\u0131n erm\u0259ni h\u0259rb\u00e7isinin c\u0259s\u0259dl\u0259rini tap\u0131b v\u0259 bu prosesd\u0259 Rusiya s\u00fclhm\u0259raml\u0131lar\u0131 v\u0259 Beyn\u0259lxalq Q\u0131z\u0131l Xa\u00e7 i\u015ftirak edib. Erm\u0259ni \u0259sg\u0259rl\u0259rinin c\u0259s\u0259dl\u0259ri qar\u015f\u0131 t\u0259r\u0259f\u0259 t\u0259hvil verilib. Lakin h\u0259l\u0259 1-ci Qaraba\u011f m\u00fcharib\u0259si zaman\u0131 itkin d\u00fc\u015fm\u00fc\u015f 4 000-d\u0259k az\u0259rbaycanl\u0131 bar\u0259d\u0259 m\u0259lumat bu g\u00fcn\u0259d\u0259k Erm\u0259nistan t\u0259r\u0259find\u0259n verilm\u0259yib.<\/p>\n\n\n\n<p>Fransa Prezidentinin \u00e7\u0131x\u0131\u015f\u0131nda m\u00fcs\u0259lman abid\u0259l\u0259rinin d\u0259 b\u0259rpa olunmas\u0131na dair fikrini alq\u0131\u015flay\u0131r\u0131q. Lakin Fransa Prezidentinin \u00e7\u0131x\u0131\u015f\u0131nda istinad etdiyi Da\u011fl\u0131q Qaraba\u011f ad\u0131 il\u0259 ba\u011fl\u0131 vur\u011fulamaq ist\u0259rdik ki, bel\u0259 bir inzibati \u0259razi vahidi m\u00f6vcud deyil&#187;.<\/p>\n\n\n\n<p>\u00c7\u0131x\u0131\u015fda istinad edil\u0259n birba\u015fa dialoq m\u0259s\u0259l\u0259sin\u0259 g\u0259ldikd\u0259, bu art\u0131q ba\u015f verir: &#171;11 yanvar 2021-ci ild\u0259 Az\u0259rbaycan, Erm\u0259nistan v\u0259 Rusiya liderl\u0259rinin imzalad\u0131\u011f\u0131 b\u0259yanata istinad\u0259n ba\u015f nazirl\u0259rin m\u00fcavinl\u0259ri s\u0259viyy\u0259sind\u0259 g\u00f6r\u00fc\u015fl\u0259r ke\u00e7irilir v\u0259 dialoq m\u00f6vcuddur. Lakin Fransan\u0131n bu prosesd\u0259 h\u0259r hans\u0131 rolu yoxdur.<\/p>\n\n\n\n<p>Delimitasiya v\u0259 demarkasiya prosesin\u0259 g\u0259ldikd\u0259, b\u0259yan etdiyimiz kimi, Az\u0259rbaycan delimitasiya prosesin\u0259 ba\u015flama\u011f\u0131 d\u0259st\u0259kl\u0259yir v\u0259 bu proses dan\u0131\u015f\u0131qlar yolu il\u0259 \u00f6z h\u0259llini tapmal\u0131d\u0131r.<\/p>\n\n\n\n<p><br>Bir daha da qeyd etm\u0259k ist\u0259rdik ki, Az\u0259rbaycan h\u0259rbi\u00e7il\u0259ri \u00f6z do\u011fma torpaqlar\u0131nda xidm\u0259t g\u00f6st\u0259rirl\u0259r. T\u0259\u0259ss\u00fcf hissi il\u0259 qeyd etm\u0259k ist\u0259rdik ki, 1997-ci ild\u0259n Fransa h\u0259ms\u0259dr qismind\u0259 f\u0259aliyy\u0259t g\u00f6st\u0259rs\u0259 d\u0259 Fransa t\u0259r\u0259find\u0259n he\u00e7 zaman Erm\u0259nistan qo\u015funlar\u0131n\u0131n i\u015f\u011fal alt\u0131nda olan Az\u0259rbaycan torpaqlar\u0131ndan \u00e7\u0131xar\u0131lmas\u0131 \u0259laq\u0259dar \u00e7a\u011f\u0131r\u0131\u015f edilm\u0259mi\u015fdir. Baxmayaraq ki, bu BMT T\u0259hl\u00fck\u0259sizlik \u015euras\u0131n\u0131n m\u00fcvafiq q\u0259tnam\u0259l\u0259rinin t\u0259l\u0259bi idi.<\/p>\n\n\n\n<p>S\u0259rh\u0259d m\u0259s\u0259l\u0259l\u0259rinin m\u00fczakir\u0259l\u0259r yolu il\u0259 h\u0259ll edilm\u0259sin\u0259 g\u0259linc\u0259 bildirm\u0259k ist\u0259rdik ki, Az\u0259rbaycan m\u00fcnaqi\u015f\u0259nin dan\u0131\u015f\u0131qlar yolu il\u0259 h\u0259llinin daim t\u0259r\u0259fdar\u0131 olmu\u015fdur v\u0259 28 il dan\u0131\u015f\u0131qlar prosesind\u0259 i\u015ftirak etmi\u015fdir. Odur ki, Az\u0259rbaycan h\u0259r zaman m\u00fczakir\u0259l\u0259r\u0259 v\u0259 dan\u0131\u015f\u0131qlar prosesin\u0259 a\u00e7\u0131qd\u0131r.<\/p>\n\n\n\n<p>Fransan\u0131n q\u0259ti \u015f\u0259kild\u0259 regiona qay\u0131tmas\u0131 bar\u0259d\u0259 a\u00e7\u0131qlama is\u0259 anla\u015f\u0131lan deyildir. Fransa h\u0259ms\u0259dr \u00f6lk\u0259dir v\u0259 bu statusda 1997-ci ild\u0259n regional prosesl\u0259rd\u0259 i\u015ftirak edir. Ona g\u00f6r\u0259 d\u0259 bu a\u00e7\u0131qlama anla\u015f\u0131lan deyildir.<\/p>\n\n\n\n<p><br>Sirr deyil ki, Fransa Erm\u0259nistana x\u00fcsusi r\u0259\u011fb\u0259ti vard\u0131r, amma Minsk Qrupunun h\u0259ms\u0259dri kimi bu \u00f6lk\u0259 r\u0259smi neytrall\u0131\u011f\u0131n\u0131 saxlamal\u0131d\u0131r. \u00dcmid edirik ki, h\u0259ms\u0259drlik mandat\u0131na uy\u011fun olaraq Fransa t\u0259r\u0259find\u0259n neytral v\u0259 q\u0259r\u0259zsiz m\u00f6vqe s\u0259rgil\u0259n\u0259c\u0259kdir&#187;.<\/p>\n","protected":false},"excerpt":{"rendered":"<p>&#171;\u00d6nc\u0259 vur\u011fulamaq ist\u0259rdik ki, b\u00f6lg\u0259d\u0259 at\u0259\u015fk\u0259s t\u0259min edilir v\u0259 bunun \u0259sas\u0131nda Az\u0259rbaycan, Erm\u0259nistan v\u0259 Rusiya&#8230;<\/p>\n","protected":false},"author":3,"featured_media":10414,"comment_status":"closed","ping_status":"closed","sticky":false,"template":"","format":"standard","meta":{"footnotes":""},"categories":[9],"tags":[],"class_list":["post-10413","post","type-post","status-publish","format-standard","has-post-thumbnail","hentry","category-sq"],"featured_image_urls":{"full":["https:\/\/veteran.az\/wp-content\/uploads\/2021\/06\/xin9.jpg",660,371,false],"thumbnail":["https:\/\/veteran.az\/wp-content\/uploads\/2021\/06\/xin9-150x150.jpg",150,150,true],"medium":["https:\/\/veteran.az\/wp-content\/uploads\/2021\/06\/xin9-300x169.jpg",300,169,true],"medium_large":["https:\/\/veteran.az\/wp-content\/uploads\/2021\/06\/xin9.jpg",640,360,false],"large":["https:\/\/veteran.az\/wp-content\/uploads\/2021\/06\/xin9.jpg",640,360,false],"1536x1536":["https:\/\/veteran.az\/wp-content\/uploads\/2021\/06\/xin9.jpg",660,371,false],"2048x2048":["https:\/\/veteran.az\/wp-content\/uploads\/2021\/06\/xin9.jpg",660,371,false],"covernews-slider-full":["https:\/\/veteran.az\/wp-content\/uploads\/2021\/06\/xin9.jpg",660,371,false],"covernews-slider-center":["https:\/\/veteran.az\/wp-content\/uploads\/2021\/06\/xin9.jpg",660,371,false],"covernews-featured":["https:\/\/veteran.az\/wp-content\/uploads\/2021\/06\/xin9.jpg",660,371,false],"covernews-medium":["https:\/\/veteran.az\/wp-content\/uploads\/2021\/06\/xin9.jpg",540,304,false],"covernews-medium-square":["https:\/\/veteran.az\/wp-content\/uploads\/2021\/06\/xin9.jpg",400,225,false]},"author_info":{"display_name":"Veteran.az","author_link":"https:\/\/veteran.az\/?author=3"},"category_info":"<a href=\"https:\/\/veteran.az\/?cat=9\" rel=\"category\">Silahl\u0131 Q\u00fcvv\u0259l\u0259r<\/a>","tag_info":"Silahl\u0131 Q\u00fcvv\u0259l\u0259r","comment_count":"0","_links":{"self":[{"href":"https:\/\/veteran.az\/index.php?rest_route=\/wp\/v2\/posts\/10413","targetHints":{"allow":["GET"]}}],"collection":[{"href":"https:\/\/veteran.az\/index.php?rest_route=\/wp\/v2\/posts"}],"about":[{"href":"https:\/\/veteran.az\/index.php?rest_route=\/wp\/v2\/types\/post"}],"author":[{"embeddable":true,"href":"https:\/\/veteran.az\/index.php?rest_route=\/wp\/v2\/users\/3"}],"replies":[{"embeddable":true,"href":"https:\/\/veteran.az\/index.php?rest_route=%2Fwp%2Fv2%2Fcomments&post=10413"}],"version-history":[{"count":1,"href":"https:\/\/veteran.az\/index.php?rest_route=\/wp\/v2\/posts\/10413\/revisions"}],"predecessor-version":[{"id":10415,"href":"https:\/\/veteran.az\/index.php?rest_route=\/wp\/v2\/posts\/10413\/revisions\/10415"}],"wp:featuredmedia":[{"embeddable":true,"href":"https:\/\/veteran.az\/index.php?rest_route=\/wp\/v2\/media\/10414"}],"wp:attachment":[{"href":"https:\/\/veteran.az\/index.php?rest_route=%2Fwp%2Fv2%2Fmedia&parent=10413"}],"wp:term":[{"taxonomy":"category","embeddable":true,"href":"https:\/\/veteran.az\/index.php?rest_route=%2Fwp%2Fv2%2Fcategories&post=10413"},{"taxonomy":"post_tag","embeddable":true,"href":"https:\/\/veteran.az\/index.php?rest_route=%2Fwp%2Fv2%2Ftags&post=10413"}],"curies":[{"name":"wp","href":"https:\/\/api.w.org\/{rel}","templated":true}]}}