{"id":10380,"date":"2021-06-01T10:28:56","date_gmt":"2021-06-01T06:28:56","guid":{"rendered":"http:\/\/veteran.az\/?p=10380"},"modified":"2021-06-01T10:28:57","modified_gmt":"2021-06-01T06:28:57","slug":"eyni-vaxtda-s%c9%99hid-olan-%c9%99kiz-qardaslar-bir-ev%c9%99-g%c9%99tiril%c9%99n-qosa-tabut","status":"publish","type":"post","link":"https:\/\/veteran.az\/?p=10380","title":{"rendered":"Eyni vaxtda \u015f\u0259hid olan \u0259kiz qarda\u015flar &#8212; Bir ev\u0259 g\u0259tiril\u0259n qo\u015fa tabut"},"content":{"rendered":"\n<p><strong>A\u011fdam rayonundan olan \u0259kiz qarda\u015flar &#8212; Nazir v\u0259 Tacir Allahverdiyevl\u0259r 2020-ci ilin sentyabr-noyabr aylar\u0131nda ged\u0259n V\u0259t\u0259n m\u00fcharib\u0259sind\u0259 \u015f\u0259hid olublar.<\/strong><\/p>\n\n\n\n<figure class=\"wp-block-image size-large\"><img loading=\"lazy\" decoding=\"async\" width=\"750\" height=\"495\" src=\"http:\/\/veteran.az\/wp-content\/uploads\/2021\/06\/modern.az-01.06.2021-1622522947.jpg\" alt=\"\" class=\"wp-image-10381\" srcset=\"https:\/\/veteran.az\/wp-content\/uploads\/2021\/06\/modern.az-01.06.2021-1622522947.jpg 750w, https:\/\/veteran.az\/wp-content\/uploads\/2021\/06\/modern.az-01.06.2021-1622522947-300x198.jpg 300w\" sizes=\"auto, (max-width: 750px) 100vw, 750px\" \/><\/figure>\n\n\n\n<p><br>Eyni g\u00fcnd\u0259 \u015f\u0259hidlik m\u0259qam\u0131na y\u00fcks\u0259l\u0259n \u0259kiz qarda\u015flar\u0131n h\u0259l\u0259 20 ya\u015f\u0131 tamam olmam\u0131\u015fd\u0131. Onlar F\u00fczuli v\u0259 Xocav\u0259nd istiqam\u0259tind\u0259ki d\u00f6y\u00fc\u015fl\u0259rd\u0259 i\u015ftirak edibl\u0259r.<\/p>\n\n\n\n<p><br>V\u0259t\u0259n m\u00fcharib\u0259si ba\u015flayanda komandanl\u0131qdan qarda\u015flara deyibl\u0259r ki, biriniz arxa c\u0259bh\u0259d\u0259 qala, biriniz \u00f6n c\u0259bh\u0259y\u0259 ged\u0259 bil\u0259rsiniz. Amma onlar\u0131n h\u0259r ikisi \u00f6n c\u0259bh\u0259y\u0259 getm\u0259yi q\u0259rara al\u0131blar.<\/p>\n\n\n\n<p><strong><br>Modern.az<\/strong>&nbsp;sayt\u0131n\u0131n \u0259m\u0259kda\u015f\u0131 \u0259kizl\u0259rin qarda\u015f\u0131 Ceyhun Allahverdiyevl\u0259 h\u0259ms\u00f6hb\u0259t olub.<\/p>\n\n\n\n<p><strong><br>\u201cOnlar\u0131n qay\u0131daca\u011f\u0131na inan\u0131rd\u0131q&#8230;\u201d<br><\/strong><\/p>\n\n\n\n<p>&#8212; Nazir v\u0259 Tacir 2001-ci il aprelin 20-d\u0259 A\u011fdam rayonunun \u00c7ullu k\u0259ndind\u0259 anadan olublar. Onlar bir-birind\u0259n se\u00e7ilmirdil\u0259r. Se\u00e7ilm\u0259s\u0259l\u0259r d\u0259, azca bir-birind\u0259n f\u0259rql\u0259ri var idi. Biri \u0259s\u0259bi idis\u0259, dig\u0259ri m\u00fclayim idi. Bir-biril\u0259rin\u0259 \u00e7ox ba\u011fl\u0131 idil\u0259r. Onlar m\u0259kt\u0259b\u0259 d\u0259 bir gedibl\u0259r. Sinif yolda\u015flar\u0131ndan se\u00e7ilirdil\u0259r. T\u0259rbiyy\u0259l\u0259rin\u0259 g\u00f6r\u0259 ham\u0131n\u0131n h\u00f6rm\u0259tini qazqanm\u0131\u015fd\u0131lar. \u0130mkan olmad\u0131\u011f\u0131na g\u00f6r\u0259 ali t\u0259hsil ala bilm\u0259dil\u0259r.<\/p>\n\n\n\n<p><br>V\u0259t\u0259np\u0259rv\u0259rlik hissi onlarda \u00e7ox qabar\u0131q idi. U\u015faq olark\u0259n \u0259sg\u0259rlikd\u0259n m\u0259zuniyy\u0259t\u0259 g\u0259l\u0259nl\u0259rin paltarlar\u0131n\u0131 geyinirdil\u0259r ki, biz d\u0259 \u0259sg\u0259r olaca\u011f\u0131q. H\u0259rbi paltar\u0131 geyinm\u0259yi \u00e7ox sevirdil\u0259r. H\u0259mi\u015f\u0259 d\u0259 deyirdil\u0259r ki, V\u0259t\u0259n\u0259 olan borcu ki\u015fi kimi yerin\u0259 yetir\u0259c\u0259kl\u0259r.<\/p>\n\n\n\n<p><br>2020-ci ili sentyabr\u0131n 27-d\u0259 V\u0259t\u0259n m\u00fcharib\u0259si ba\u015flayanda h\u0259r ikisi Bak\u0131da h\u0259rbi xidm\u0259t ke\u00e7irdil\u0259r. \u018fkizl\u0259r oktyabr\u0131n 1-d\u0259 &nbsp;t\u0259rxis olunacaqd\u0131lar. Sentyabr\u0131n 27-d\u0259 biziml\u0259 dan\u0131\u015fanda onlar\u0131 F\u00fczuliy\u0259 apard\u0131qlar\u0131n\u0131 dedil\u0259r.<\/p>\n\n\n\n<figure class=\"wp-block-image size-large\"><img loading=\"lazy\" decoding=\"async\" width=\"581\" height=\"562\" src=\"http:\/\/veteran.az\/wp-content\/uploads\/2021\/06\/ekizler-20210524-WA0186.jpg\" alt=\"\" class=\"wp-image-10382\" srcset=\"https:\/\/veteran.az\/wp-content\/uploads\/2021\/06\/ekizler-20210524-WA0186.jpg 581w, https:\/\/veteran.az\/wp-content\/uploads\/2021\/06\/ekizler-20210524-WA0186-300x290.jpg 300w\" sizes=\"auto, (max-width: 581px) 100vw, 581px\" \/><\/figure>\n\n\n\n<p><br>Sentyabr\u0131n 27-d\u0259n oktyabr\u0131n 20-n\u0259 kimi m\u00fct\u0259madi olaraq biziml\u0259 \u0259laq\u0259 saxlay\u0131rd\u0131lar. H\u0259r \u015feyin yax\u015f\u0131 oldu\u011funu, q\u0259l\u0259b\u0259 \u00e7al\u0131b torpaqlar\u0131m\u0131z\u0131 i\u015f\u011faldan ed\u0259c\u0259kl\u0259rini deyirdil\u0259r. \u0130kisi d\u0259 top\u00e7u idil\u0259r. Biri tu\u015flay\u0131c\u0131, dig\u0259ri m\u0259rmi g\u0259tir\u0259n. Biz onlar\u0131n qay\u0131daca\u011f\u0131ndan arxay\u0131n idik. \u00d6nd\u0259 olduqlar\u0131n\u0131 da demirdil\u0259r. Anama g\u00f6r\u0259 gizl\u0259dirdil\u0259r.<\/p>\n\n\n\n<p><br>Oktyabr\u0131n 20-d\u0259 biz\u0259 mesaj yazd\u0131lar ki, \u201cz\u0259ng \u00e7atmaya bil\u0259r, narahat olmay\u0131n. \u00d6n\u0259 gedirik, \u015f\u0259b\u0259k\u0259 olmayacaq\u201d. H\u0259min vaxtdan sonra \u0259laq\u0259miz k\u0259sildi.<\/p>\n\n\n\n<p><strong>\u201c\u0130kisi d\u0259 eyni anda \u015f\u0259hid olublar\u201d<\/strong><\/p>\n\n\n\n<p><br>&#8212; Biz onlara \u00f6z\u00fcn\u00fcz\u00fc qoruyun dey\u0259nd\u0259, cavab veriridil\u0259r ki, \u201cg\u00f6z\u00fcm\u00fcz\u00fcn qaba\u011f\u0131nda \u0259sg\u0259r yolda\u015flar\u0131m\u0131z \u015f\u0259hid olur. Biz burada rahat dayana bilm\u0259rik\u201d. Dig\u0259r qarda\u015f\u0131m ma\u015f\u0131n alm\u0131\u015fd\u0131, onlarla dan\u0131\u015fanda demi\u015fdi ki, g\u0259l\u0259nd\u0259 siz\u0259 d\u0259 s\u00fcrm\u0259yi \u00f6yr\u0259d\u0259c\u0259m, onda cavab vermi\u015fdil\u0259r ki, \u201cbizim qay\u0131da bil\u0259c\u0259yimizi bilm\u0259k olmaz\u201d.<\/p>\n\n\n\n<p><br>D\u0259f\u0259l\u0259rl\u0259 m\u00fchasir\u0259y\u0259 d\u00fc\u015f\u00fcbl\u0259r. Bir manqada 7 \u0259sg\u0259r idil\u0259r. Ham\u0131s\u0131 t\u0259rxis olunma\u011fa haz\u0131rla\u015fan u\u015faqlar imi\u015f.<\/p>\n\n\n\n<p><br>Oktyabr\u0131n 22-d\u0259 onlar\u0131n \u00fcz\u0259rin\u0259 minamyot m\u0259rmisi d\u00fc\u015f\u00fcb. D\u00fc\u015f\u0259n kimi canlar\u0131n\u0131 tap\u015f\u0131r\u0131blar. Biz\u0259 oktyabr\u0131n 24-d\u0259 b\u0259l\u0259diyy\u0259d\u0259n g\u0259lib g\u0259lib dedil\u0259r ki, \u201cqarda\u015f\u0131n\u0131z yaralan\u0131b, gedin g\u0259tirin\u201d. H\u0259min an dala\u011f\u0131m sancd\u0131, ba\u015fa d\u00fc\u015fd\u00fcmki, m\u0259s\u0259l\u0259 n\u0259 yerd\u0259dir. Lakin anam\u0131n yan\u0131nda he\u00e7 n\u0259 dey\u0259 bilm\u0259dim.<\/p>\n\n\n\n<p><br>\u201cH\u0259rbi komissarl\u0131\u011fa\u201d t\u0259cili yard\u0131m ma\u015f\u0131n\u0131 g\u0259lmi\u015fdi. Orda dedil\u0259r ki, qarda\u015f\u0131n\u0131z Nazir \u015f\u0259hid olub. Biz\u0259 \u0259vv\u0259lc\u0259 birinin \u015f\u0259hid oldu\u011funu dedil\u0259r. El\u0259 \u201cH\u0259rbi komissarl\u0131q\u201dda da h\u0259r ikisinin \u015f\u0259hid oldu\u011funu bilmirdil\u0259r. Biz bilirdik ki, onlar\u0131n bir-birind\u0259n ayr\u0131lmas\u0131 m\u00fcmk\u00fcn deyil.<\/p>\n\n\n\n<p><br>Bir d\u0259f\u0259 Nazir x\u0259st\u0259l\u0259nib, amma arxa c\u0259bh\u0259d\u0259 qalmaq ist\u0259m\u0259yib. Deyib ki, qarda\u015f\u0131mdan ayr\u0131 qala bilm\u0259r\u0259m. \u0130kisi d\u0259 \u00f6n\u0259 ke\u00e7ib. Daha sonra ikisinin d\u0259 \u015f\u0259hid oldu\u011funu \u00f6yr\u0259ndik.<\/p>\n\n\n\n<p><br>H\u0259r ikisin\u0259 \u201cV\u0259t\u0259n u\u011frunda\u201d v\u0259 \u201cXocav\u0259ndin al\u0131nmas\u0131na g\u00f6r\u0259\u201d medal\u0131 verilib.<\/p>\n\n\n\n<p><strong><br>\u201cQap\u0131m\u0131za eyni anda 2 tabut g\u0259tirildi\u201d<br><\/strong><\/p>\n\n\n\n<p>&#8212; Biz onlar\u0131n m\u00fcharib\u0259d\u0259 i\u015ftirak\u0131n\u0131 \u00e7ox yax\u015f\u0131 qar\u015f\u0131lam\u0131\u015fd\u0131q. H\u0259r d\u0259f\u0259 dan\u0131\u015fanda deyirdil\u0259r ki, \u201c30 il i\u015f\u011falda qalan torpaqlar\u0131 biz geri al\u0131b, h\u0259sr\u0259t\u0259 son qoyaca\u011f\u0131q\u201d.<\/p>\n\n\n\n<p><br>Onlar\u0131n qay\u0131d\u0131\u015f\u0131n\u0131 s\u0259birsizlikl\u0259 g\u00f6zl\u0259yirdik. \u0130nan\u0131rd\u0131q ki, m\u00fctl\u0259q qay\u0131dacaqlar. Qap\u0131m\u0131za eyni anda 2 tabut g\u0259l\u0259nd\u0259 art\u0131q d\u0259rk etdik ki, qard\u0131\u015flar\u0131m\u0131z \u015f\u0259hid olub. Ona q\u0259d\u0259r des\u0259l\u0259r d\u0259 biz inanm\u0131rd\u0131q. \u00c7\u00fcnki onlar qay\u0131dacaqlar\u0131na bizi inand\u0131rm\u0131\u015fd\u0131lar.<\/p>\n\n\n\n<p><strong>\u201c\u018fn b\u00f6y\u00fck arzular\u0131 k\u0259\u015ffiyyat\u00e7\u0131 olmaq idi\u201d<br><\/strong><\/p>\n\n\n\n<p>&#8212; Onlar\u0131n ya\u015fama\u011fa haqlar\u0131 \u00e7ox idi. N\u0259 ya\u015flar\u0131 var idi ki&#8230; H\u0259l\u0259 20 ya\u015flar\u0131 tamam olmam\u0131\u015fd\u0131. 2021-ci il aprelin 20-d\u0259 20 ya\u015flar\u0131n\u0131 qeyd etdik.<\/p>\n\n\n\n<p><br>H\u0259l\u0259 m\u0259kt\u0259b vaxtlar\u0131ndan deyirdil\u0259r ki, \u201cx\u00fcsusi t\u0259yinatl\u0131lar\u201dda qulluq etm\u0259k ist\u0259yirl\u0259r, k\u0259\u015ffiyyat\u00e7\u0131 olmaq arzusundayd\u0131lar.<\/p>\n\n\n\n<p><strong><br>\u201cAnam yoxluqlar\u0131 il\u0259 h\u0259l\u0259 d\u0259 bar\u0131\u015fa bilmir\u201d<br><\/strong><\/p>\n\n\n\n<p>&#8212; Anam h\u0259r g\u00fcn a\u011flay\u0131r, m\u0259zarlar\u0131n\u0131 ziyar\u0259t edir. Onlar he\u00e7 vaxt anam\u0131 incid\u0259n u\u015faq olmay\u0131blar. Anam\u0131n a\u011flamas\u0131n\u0131 he\u00e7 vaxt ist\u0259m\u0259zdil\u0259r. Anam a\u011flad\u0131\u011f\u0131na g\u00f6r\u0259 tez-tez yuxular\u0131na g\u0259lir, \u201cana, a\u011flama\u201d deyirl\u0259r.<\/p>\n\n\n\n<p><br>Bir d\u0259f\u0259 bac\u0131m q\u0131z\u0131n\u0131n da yuxusuna g\u0259libl\u0259r. Deyibl\u0259r ki, \u201cs\u0259nin anan bizi g\u00f6r\u0259 bilm\u0259z. Biz yuxarday\u0131q. \u00dcmumiyy\u0259tl\u0259, he\u00e7 kim g\u00f6r\u0259 bilm\u0259z, biz yuxarday\u0131q v\u0259 yax\u015f\u0131y\u0131q\u201d.<\/p>\n\n\n\n<p><strong>\u201cQ\u0259l\u0259b\u0259 x\u0259b\u0259rini e\u015fid\u0259n kimi m\u0259zarlar\u0131n\u0131 ziyar\u0259t edib, g\u00f6zayd\u0131nl\u0131\u011f\u0131 verdik\u201d<\/strong><\/p>\n\n\n\n<figure class=\"wp-block-image size-large\"><img loading=\"lazy\" decoding=\"async\" width=\"612\" height=\"703\" src=\"http:\/\/veteran.az\/wp-content\/uploads\/2021\/06\/ekizler-20210524-WA0012.jpg\" alt=\"\" class=\"wp-image-10383\" srcset=\"https:\/\/veteran.az\/wp-content\/uploads\/2021\/06\/ekizler-20210524-WA0012.jpg 612w, https:\/\/veteran.az\/wp-content\/uploads\/2021\/06\/ekizler-20210524-WA0012-261x300.jpg 261w\" sizes=\"auto, (max-width: 612px) 100vw, 612px\" \/><\/figure>\n\n\n\n<p><br>&#8212; 2021-ci il noyabr\u0131n 10-da q\u0259l\u0259b\u0259 x\u0259b\u0259rini qar\u0131\u015f\u0131q hisl\u0259rl\u0259 qar\u015f\u0131lad\u0131q. Sevinc hissi il\u0259 yana\u015f\u0131, k\u0259d\u0259rl\u0259ndik ki, onlar bu g\u00fcn\u00fc g\u00f6rm\u0259dil\u0259r.<\/p>\n\n\n\n<p><br>M\u0259zarlar\u0131n\u0131 ziyar\u0259t edib, onlara g\u00f6zayd\u0131nl\u0131\u011f\u0131 verdik, \u201c\u015f\u00fck\u00fcr Allaha, torpaqlar\u0131m\u0131z al\u0131nd\u0131, qan\u0131n\u0131z, \u0259ziyy\u0259tiniz yerd\u0259 qalmad\u0131\u201d dedik.<\/p>\n\n\n\n<p><br>Qarda\u015flar\u0131m\u0131n \u015f\u0259hid oldu\u011fu torpa\u011fa getm\u0259k ist\u0259yir\u0259m. Bu m\u0259nim arzumdur.<\/p>\n\n\n\n<p><br>B\u00fct\u00fcn \u015f\u0259hidl\u0259rimiz\u0259 r\u0259hm\u0259t, qazil\u0259rimiz\u0259 \u015f\u0259fa, \u015f\u0259hid analar\u0131na s\u0259br dil\u0259yir\u0259m. H\u0259min igid o\u011fullar\u0131m\u0131z olmasayd\u0131, biz torpaqlar\u0131m\u0131z\u0131 geri qaytara bilm\u0259zdik. Onlar 30 illik h\u0259sr\u0259t\u0259 44 g\u00fcnd\u0259 son qoydular. V\u0259t\u0259n\u0259 olan sevgil\u0259ri il\u0259 analar\u0131m\u0131z\u0131n, bac\u0131lar\u0131m\u0131z\u0131n qisas\u0131n\u0131 ald\u0131lar.<\/p>\n\n\n\n<p><strong><br><br>N\u0259zrin Vahid<\/strong> (modern.az)<\/p>\n","protected":false},"excerpt":{"rendered":"<p>A\u011fdam rayonundan olan \u0259kiz qarda\u015flar &#8212; Nazir v\u0259 Tacir Allahverdiyevl\u0259r 2020-ci ilin sentyabr-noyabr aylar\u0131nda ged\u0259n&#8230;<\/p>\n","protected":false},"author":3,"featured_media":10384,"comment_status":"closed","ping_status":"closed","sticky":false,"template":"","format":"standard","meta":{"footnotes":""},"categories":[6],"tags":[],"class_list":["post-10380","post","type-post","status-publish","format-standard","has-post-thumbnail","hentry","category-cmiyyt"],"featured_image_urls":{"full":["https:\/\/veteran.az\/wp-content\/uploads\/2021\/06\/ekizler-20210524-WA0192.jpg",800,564,false],"thumbnail":["https:\/\/veteran.az\/wp-content\/uploads\/2021\/06\/ekizler-20210524-WA0192-150x150.jpg",150,150,true],"medium":["https:\/\/veteran.az\/wp-content\/uploads\/2021\/06\/ekizler-20210524-WA0192-300x212.jpg",300,212,true],"medium_large":["https:\/\/veteran.az\/wp-content\/uploads\/2021\/06\/ekizler-20210524-WA0192-768x541.jpg",640,451,true],"large":["https:\/\/veteran.az\/wp-content\/uploads\/2021\/06\/ekizler-20210524-WA0192.jpg",640,451,false],"1536x1536":["https:\/\/veteran.az\/wp-content\/uploads\/2021\/06\/ekizler-20210524-WA0192.jpg",800,564,false],"2048x2048":["https:\/\/veteran.az\/wp-content\/uploads\/2021\/06\/ekizler-20210524-WA0192.jpg",800,564,false],"covernews-slider-full":["https:\/\/veteran.az\/wp-content\/uploads\/2021\/06\/ekizler-20210524-WA0192.jpg",800,564,false],"covernews-slider-center":["https:\/\/veteran.az\/wp-content\/uploads\/2021\/06\/ekizler-20210524-WA0192.jpg",709,500,false],"covernews-featured":["https:\/\/veteran.az\/wp-content\/uploads\/2021\/06\/ekizler-20210524-WA0192.jpg",800,564,false],"covernews-medium":["https:\/\/veteran.az\/wp-content\/uploads\/2021\/06\/ekizler-20210524-WA0192-720x380.jpg",540,285,true],"covernews-medium-square":["https:\/\/veteran.az\/wp-content\/uploads\/2021\/06\/ekizler-20210524-WA0192-675x450.jpg",375,250,true]},"author_info":{"display_name":"Veteran.az","author_link":"https:\/\/veteran.az\/?author=3"},"category_info":"<a href=\"https:\/\/veteran.az\/?cat=6\" rel=\"category\">C\u0259miyy\u0259t<\/a>","tag_info":"C\u0259miyy\u0259t","comment_count":"0","_links":{"self":[{"href":"https:\/\/veteran.az\/index.php?rest_route=\/wp\/v2\/posts\/10380","targetHints":{"allow":["GET"]}}],"collection":[{"href":"https:\/\/veteran.az\/index.php?rest_route=\/wp\/v2\/posts"}],"about":[{"href":"https:\/\/veteran.az\/index.php?rest_route=\/wp\/v2\/types\/post"}],"author":[{"embeddable":true,"href":"https:\/\/veteran.az\/index.php?rest_route=\/wp\/v2\/users\/3"}],"replies":[{"embeddable":true,"href":"https:\/\/veteran.az\/index.php?rest_route=%2Fwp%2Fv2%2Fcomments&post=10380"}],"version-history":[{"count":1,"href":"https:\/\/veteran.az\/index.php?rest_route=\/wp\/v2\/posts\/10380\/revisions"}],"predecessor-version":[{"id":10385,"href":"https:\/\/veteran.az\/index.php?rest_route=\/wp\/v2\/posts\/10380\/revisions\/10385"}],"wp:featuredmedia":[{"embeddable":true,"href":"https:\/\/veteran.az\/index.php?rest_route=\/wp\/v2\/media\/10384"}],"wp:attachment":[{"href":"https:\/\/veteran.az\/index.php?rest_route=%2Fwp%2Fv2%2Fmedia&parent=10380"}],"wp:term":[{"taxonomy":"category","embeddable":true,"href":"https:\/\/veteran.az\/index.php?rest_route=%2Fwp%2Fv2%2Fcategories&post=10380"},{"taxonomy":"post_tag","embeddable":true,"href":"https:\/\/veteran.az\/index.php?rest_route=%2Fwp%2Fv2%2Ftags&post=10380"}],"curies":[{"name":"wp","href":"https:\/\/api.w.org\/{rel}","templated":true}]}}