{"id":10177,"date":"2021-05-16T00:00:43","date_gmt":"2021-05-15T20:00:43","guid":{"rendered":"http:\/\/veteran.az\/?p=10177"},"modified":"2021-05-16T00:00:45","modified_gmt":"2021-05-15T20:00:45","slug":"z%c9%99ng%c9%99zurda-az%c9%99rbaycanlilara-qarsi-doyusm%c9%99k-ist%c9%99y%c9%99n-erm%c9%99nil%c9%99r-tutuldu-aralarinda-monax-da-var","status":"publish","type":"post","link":"https:\/\/veteran.az\/?p=10177","title":{"rendered":"Z\u0259ng\u0259zurda az\u0259rbaycanl\u0131lara qar\u015f\u0131 d\u00f6y\u00fc\u015fm\u0259k ist\u0259y\u0259n erm\u0259nil\u0259r tutuldu: Aralar\u0131nda \u201cMonax\u201d da var"},"content":{"rendered":"\n<p><strong>Erm\u0259nistanda Z\u0259ng\u0259zur vilay\u0259tind\u0259n Qaraba\u011fa ged\u0259n yollar\u0131 ba\u011flayraq aksiya ke\u00e7iri\u0259n qrupun b\u0259zi \u00fczvl\u0259ri saxlan\u0131l\u0131b.<\/strong><\/p>\n\n\n\n<p>Saxlan\u0131lanlar aras\u0131nda \u201cMonax\u201d l\u0259q\u0259bi il\u0259 tan\u0131nan Artur Ayvazyan da var. Onun aksiyan\u0131n t\u0259\u015fkilat\u00e7\u0131s\u0131 qismind\u0259 saxlan\u0131ld\u0131\u011f\u0131na dair m\u0259lumat yay\u0131l\u0131b.<\/p>\n\n\n\n<p>Polis saxlan\u0131lanlar\u0131n Gorusa apar\u0131ld\u0131\u011f\u0131n\u0131 t\u0259sdiql\u0259yib.<\/p>\n\n\n\n<p>Erm\u0259nistan polisinin m\u0259tbuat katibi Zarzand Qabrielyan bildirib ki, d\u00fcn\u0259n aksiyadan sonra G\u00f6rus polis idar\u0259sin\u0259 9 n\u0259f\u0259r apar\u0131l\u0131b. Onlara qa\u015fr\u0131 Cinay\u0259t M\u0259c\u0259ll\u0259sinin xuliqanl\u0131q madd\u0259si il\u0259 i\u015f a\u00e7\u0131l\u0131b.<\/p>\n\n\n\n<p>Bildirilib ki, aksiya\u00e7\u0131lar d\u00fcn\u0259n Z\u0259ng\u0259zurdan Qaraba\u011fa ged\u0259n yolun ke\u00e7diyi k\u0259ndd\u0259 aksiya ke\u00e7ir\u0259r\u0259k yolu ba\u011flay\u0131blar. Onlar Z\u0259ng\u0259zurun m\u00fcdafi\u0259si \u00fc\u00e7\u00fcn k\u00f6n\u00fcll\u00fc birl\u0259\u015fm\u0259y\u0259 silah verilm\u0259sini t\u0259l\u0259b edibl\u0259r.<\/p>\n\n\n\n<p>B\u0259zi m\u0259lumatlara g\u00f6r\u0259, aksiya\u00e7\u0131larda silah olub. Ancaq Artur Ayvazyan\u0131n qohumu m\u00fcxbirl\u0259r\u0259 bildirib ki, onlarda silah olmas\u0131 bar\u0259d\u0259 x\u0259b\u0259r h\u0259qiq\u0259t deyil: &#171;Onlar Z\u0259ng\u0259zuru qorumaq \u00fc\u00e7\u00fcn silah ist\u0259yibl\u0259r. V\u0259kili Monaxla g\u00f6r\u00fc\u015fm\u0259k ist\u0259yib, ancaq buna icaz\u0259 verilm\u0259yib.<\/p>\n\n\n\n<p>Xat\u0131rladaq ki, son bir ne\u00e7\u0259 g\u00fcnd\u0259 Az\u0259rbaycan-Erm\u0259nistan s\u0259rh\u0259dind\u0259 v\u0259ziyy\u0259t g\u0259rginl\u0259\u015fib.(cebhe.info)<\/p>\n","protected":false},"excerpt":{"rendered":"<p>Erm\u0259nistanda Z\u0259ng\u0259zur vilay\u0259tind\u0259n Qaraba\u011fa ged\u0259n yollar\u0131 ba\u011flayraq aksiya ke\u00e7iri\u0259n qrupun b\u0259zi \u00fczvl\u0259ri saxlan\u0131l\u0131b. Saxlan\u0131lanlar aras\u0131nda&#8230;<\/p>\n","protected":false},"author":3,"featured_media":10178,"comment_status":"closed","ping_status":"closed","sticky":false,"template":"","format":"standard","meta":{"footnotes":""},"categories":[6],"tags":[],"class_list":["post-10177","post","type-post","status-publish","format-standard","has-post-thumbnail","hentry","category-cmiyyt"],"featured_image_urls":{"full":["https:\/\/veteran.az\/wp-content\/uploads\/2021\/05\/ermeni-hebs.jpg",700,460,false],"thumbnail":["https:\/\/veteran.az\/wp-content\/uploads\/2021\/05\/ermeni-hebs-150x150.jpg",150,150,true],"medium":["https:\/\/veteran.az\/wp-content\/uploads\/2021\/05\/ermeni-hebs-300x197.jpg",300,197,true],"medium_large":["https:\/\/veteran.az\/wp-content\/uploads\/2021\/05\/ermeni-hebs.jpg",640,421,false],"large":["https:\/\/veteran.az\/wp-content\/uploads\/2021\/05\/ermeni-hebs.jpg",640,421,false],"1536x1536":["https:\/\/veteran.az\/wp-content\/uploads\/2021\/05\/ermeni-hebs.jpg",700,460,false],"2048x2048":["https:\/\/veteran.az\/wp-content\/uploads\/2021\/05\/ermeni-hebs.jpg",700,460,false],"covernews-slider-full":["https:\/\/veteran.az\/wp-content\/uploads\/2021\/05\/ermeni-hebs.jpg",700,460,false],"covernews-slider-center":["https:\/\/veteran.az\/wp-content\/uploads\/2021\/05\/ermeni-hebs.jpg",700,460,false],"covernews-featured":["https:\/\/veteran.az\/wp-content\/uploads\/2021\/05\/ermeni-hebs.jpg",700,460,false],"covernews-medium":["https:\/\/veteran.az\/wp-content\/uploads\/2021\/05\/ermeni-hebs-700x380.jpg",540,293,true],"covernews-medium-square":["https:\/\/veteran.az\/wp-content\/uploads\/2021\/05\/ermeni-hebs-675x450.jpg",375,250,true]},"author_info":{"display_name":"Veteran.az","author_link":"https:\/\/veteran.az\/?author=3"},"category_info":"<a href=\"https:\/\/veteran.az\/?cat=6\" rel=\"category\">C\u0259miyy\u0259t<\/a>","tag_info":"C\u0259miyy\u0259t","comment_count":"0","_links":{"self":[{"href":"https:\/\/veteran.az\/index.php?rest_route=\/wp\/v2\/posts\/10177","targetHints":{"allow":["GET"]}}],"collection":[{"href":"https:\/\/veteran.az\/index.php?rest_route=\/wp\/v2\/posts"}],"about":[{"href":"https:\/\/veteran.az\/index.php?rest_route=\/wp\/v2\/types\/post"}],"author":[{"embeddable":true,"href":"https:\/\/veteran.az\/index.php?rest_route=\/wp\/v2\/users\/3"}],"replies":[{"embeddable":true,"href":"https:\/\/veteran.az\/index.php?rest_route=%2Fwp%2Fv2%2Fcomments&post=10177"}],"version-history":[{"count":1,"href":"https:\/\/veteran.az\/index.php?rest_route=\/wp\/v2\/posts\/10177\/revisions"}],"predecessor-version":[{"id":10179,"href":"https:\/\/veteran.az\/index.php?rest_route=\/wp\/v2\/posts\/10177\/revisions\/10179"}],"wp:featuredmedia":[{"embeddable":true,"href":"https:\/\/veteran.az\/index.php?rest_route=\/wp\/v2\/media\/10178"}],"wp:attachment":[{"href":"https:\/\/veteran.az\/index.php?rest_route=%2Fwp%2Fv2%2Fmedia&parent=10177"}],"wp:term":[{"taxonomy":"category","embeddable":true,"href":"https:\/\/veteran.az\/index.php?rest_route=%2Fwp%2Fv2%2Fcategories&post=10177"},{"taxonomy":"post_tag","embeddable":true,"href":"https:\/\/veteran.az\/index.php?rest_route=%2Fwp%2Fv2%2Ftags&post=10177"}],"curies":[{"name":"wp","href":"https:\/\/api.w.org\/{rel}","templated":true}]}}