{"id":10134,"date":"2021-05-12T16:12:09","date_gmt":"2021-05-12T12:12:09","guid":{"rendered":"http:\/\/veteran.az\/?p=10134"},"modified":"2021-05-12T16:12:10","modified_gmt":"2021-05-12T12:12:10","slug":"m%c9%99nfur-dusm%c9%99n-dagidirdi-biz-is%c9%99-quracagiq-prezident","status":"publish","type":"post","link":"https:\/\/veteran.az\/?p=10134","title":{"rendered":"M\u0259nfur d\u00fc\u015fm\u0259n da\u011f\u0131d\u0131rd\u0131, biz is\u0259 quraca\u011f\u0131q &#8212; Prezident"},"content":{"rendered":"\n<p><strong>Bu g\u00fcn Ramazan bayram\u0131 \u0259r\u0259f\u0259sind\u0259 \u015eu\u015fada yeni m\u00f6ht\u0259\u015f\u0259m m\u0259scidin t\u0259m\u0259li qoyuldu. Erm\u0259nil\u0259r t\u0259r\u0259find\u0259n qurudulmu\u015f \u201cXan q\u0131z\u0131 Nat\u0259van\u201d bula\u011f\u0131ndan bu g\u00fcn su g\u0259ldi. B\u00fct\u00fcn bunlar b\u00f6y\u00fck r\u0259mzi m\u0259na da\u015f\u0131y\u0131r. Bax, bizim qay\u0131d\u0131\u015f\u0131m\u0131z budur&#187;.<\/strong><\/p>\n\n\n\n<p><a target=\"_blank\" href=\"https:\/\/axar.az\/\" rel=\"noreferrer noopener\">Axar.az<\/a>&nbsp;x\u0259b\u0259r verir ki, bunu Prezident \u0130lham \u018fliyev may\u0131n 12-d\u0259 \u015eu\u015fada C\u0131d\u0131r d\u00fcz\u00fcnd\u0259 t\u0259\u015fkil olunan \u201cXar\u0131b\u00fclb\u00fcl\u201d musiqi festival\u0131n\u0131n a\u00e7\u0131l\u0131\u015f\u0131nda \u00e7\u0131x\u0131\u015f ed\u0259rk\u0259n deyib.<\/p>\n\n\n\n<p>&#171;Biz \u015eu\u015fan\u0131 quraca\u011f\u0131q, b\u0259rpa ed\u0259c\u0259yik, m\u0259nfur d\u00fc\u015fm\u0259n is\u0259 \u015eu\u015fan\u0131 da\u011f\u0131d\u0131rd\u0131. \u0130ndi siz &#8212; burada olan v\u0259t\u0259nda\u015flar, dostlar g\u0259z\u0259c\u0259ksiniz, g\u00f6r\u0259c\u0259ksiniz ki, \u015eu\u015fa hans\u0131 da\u011f\u0131nt\u0131lara m\u0259ruz qal\u0131b. Amma yen\u0259 d\u0259 deyir\u0259m, biz \u015eu\u015fam\u0131z\u0131, A\u011fdam\u0131m\u0131z\u0131, C\u0259bray\u0131l\u0131m\u0131z\u0131, F\u00fczulimizi, Z\u0259ngilan\u0131m\u0131z\u0131, Qubadl\u0131m\u0131z\u0131, La\u00e7\u0131n\u0131m\u0131z\u0131, K\u0259lb\u0259c\u0259rimizi q\u0259lbimizd\u0259 ya\u015fatm\u0131\u015fd\u0131q. Da\u011f\u0131d\u0131lm\u0131\u015f m\u0259scidl\u0259ri biz b\u0259rpa ed\u0259c\u0259yik, amma o m\u0259scidl\u0259r i\u015f\u011fal d\u00f6vr\u00fcnd\u0259 bizim q\u0259lbimizd\u0259 ucald\u0131lm\u0131\u015fd\u0131. \u0130ndi is\u0259 biz burada, C\u0131d\u0131r d\u00fcz\u00fcnd\u0259 &#8212; h\u0259r bir az\u0259rbaycanl\u0131 \u00fc\u00e7\u00fcn m\u00fcq\u0259dd\u0259s olan yerd\u0259 y\u0131\u011f\u0131\u015fm\u0131\u015f\u0131q v\u0259 bu musiqi bayram\u0131n\u0131, bu birlik bayram\u0131n\u0131, bu qay\u0131d\u0131\u015f bayram\u0131n\u0131, bu l\u0259yaq\u0259t bayram\u0131n\u0131 qeyd edirik. Ya\u015fas\u0131n \u015eu\u015fa! Ya\u015fas\u0131n Qaraba\u011f! Ya\u015fas\u0131n Az\u0259rbaycan!&#187;, &#8212; Prezident bildirib.<\/p>\n","protected":false},"excerpt":{"rendered":"<p>Bu g\u00fcn Ramazan bayram\u0131 \u0259r\u0259f\u0259sind\u0259 \u015eu\u015fada yeni m\u00f6ht\u0259\u015f\u0259m m\u0259scidin t\u0259m\u0259li qoyuldu. Erm\u0259nil\u0259r t\u0259r\u0259find\u0259n qurudulmu\u015f \u201cXan&#8230;<\/p>\n","protected":false},"author":3,"featured_media":10135,"comment_status":"closed","ping_status":"closed","sticky":false,"template":"","format":"standard","meta":{"footnotes":""},"categories":[10],"tags":[],"class_list":["post-10134","post","type-post","status-publish","format-standard","has-post-thumbnail","hentry","category-avmvib"],"featured_image_urls":{"full":["https:\/\/veteran.az\/wp-content\/uploads\/2021\/05\/ilham-agdam-mehriban01.jpg",555,350,false],"thumbnail":["https:\/\/veteran.az\/wp-content\/uploads\/2021\/05\/ilham-agdam-mehriban01-150x150.jpg",150,150,true],"medium":["https:\/\/veteran.az\/wp-content\/uploads\/2021\/05\/ilham-agdam-mehriban01-300x189.jpg",300,189,true],"medium_large":["https:\/\/veteran.az\/wp-content\/uploads\/2021\/05\/ilham-agdam-mehriban01.jpg",555,350,false],"large":["https:\/\/veteran.az\/wp-content\/uploads\/2021\/05\/ilham-agdam-mehriban01.jpg",555,350,false],"1536x1536":["https:\/\/veteran.az\/wp-content\/uploads\/2021\/05\/ilham-agdam-mehriban01.jpg",555,350,false],"2048x2048":["https:\/\/veteran.az\/wp-content\/uploads\/2021\/05\/ilham-agdam-mehriban01.jpg",555,350,false],"covernews-slider-full":["https:\/\/veteran.az\/wp-content\/uploads\/2021\/05\/ilham-agdam-mehriban01.jpg",555,350,false],"covernews-slider-center":["https:\/\/veteran.az\/wp-content\/uploads\/2021\/05\/ilham-agdam-mehriban01.jpg",555,350,false],"covernews-featured":["https:\/\/veteran.az\/wp-content\/uploads\/2021\/05\/ilham-agdam-mehriban01.jpg",555,350,false],"covernews-medium":["https:\/\/veteran.az\/wp-content\/uploads\/2021\/05\/ilham-agdam-mehriban01.jpg",540,340,false],"covernews-medium-square":["https:\/\/veteran.az\/wp-content\/uploads\/2021\/05\/ilham-agdam-mehriban01.jpg",396,250,false]},"author_info":{"display_name":"Veteran.az","author_link":"https:\/\/veteran.az\/?author=3"},"category_info":"<a href=\"https:\/\/veteran.az\/?cat=10\" rel=\"category\">AVMV\u0130B<\/a>","tag_info":"AVMV\u0130B","comment_count":"0","_links":{"self":[{"href":"https:\/\/veteran.az\/index.php?rest_route=\/wp\/v2\/posts\/10134","targetHints":{"allow":["GET"]}}],"collection":[{"href":"https:\/\/veteran.az\/index.php?rest_route=\/wp\/v2\/posts"}],"about":[{"href":"https:\/\/veteran.az\/index.php?rest_route=\/wp\/v2\/types\/post"}],"author":[{"embeddable":true,"href":"https:\/\/veteran.az\/index.php?rest_route=\/wp\/v2\/users\/3"}],"replies":[{"embeddable":true,"href":"https:\/\/veteran.az\/index.php?rest_route=%2Fwp%2Fv2%2Fcomments&post=10134"}],"version-history":[{"count":1,"href":"https:\/\/veteran.az\/index.php?rest_route=\/wp\/v2\/posts\/10134\/revisions"}],"predecessor-version":[{"id":10136,"href":"https:\/\/veteran.az\/index.php?rest_route=\/wp\/v2\/posts\/10134\/revisions\/10136"}],"wp:featuredmedia":[{"embeddable":true,"href":"https:\/\/veteran.az\/index.php?rest_route=\/wp\/v2\/media\/10135"}],"wp:attachment":[{"href":"https:\/\/veteran.az\/index.php?rest_route=%2Fwp%2Fv2%2Fmedia&parent=10134"}],"wp:term":[{"taxonomy":"category","embeddable":true,"href":"https:\/\/veteran.az\/index.php?rest_route=%2Fwp%2Fv2%2Fcategories&post=10134"},{"taxonomy":"post_tag","embeddable":true,"href":"https:\/\/veteran.az\/index.php?rest_route=%2Fwp%2Fv2%2Ftags&post=10134"}],"curies":[{"name":"wp","href":"https:\/\/api.w.org\/{rel}","templated":true}]}}