{"id":10069,"date":"2021-05-09T23:47:02","date_gmt":"2021-05-09T19:47:02","guid":{"rendered":"http:\/\/veteran.az\/?p=10069"},"modified":"2021-05-09T23:47:03","modified_gmt":"2021-05-09T19:47:03","slug":"qarabag-z%c9%99f%c9%99ri-%c9%99cn%c9%99bi-mug%c9%99nninin-ifasinda-maykl-ceksonun-bek-vokalcisindan-%c9%99srar%c9%99ngiz-musiqi-video","status":"publish","type":"post","link":"https:\/\/veteran.az\/?p=10069","title":{"rendered":"Qaraba\u011f z\u0259f\u0259ri \u0259cn\u0259bi m\u00fc\u011f\u0259nninin ifas\u0131nda &#8212; Maykl Ceksonun bek-vokal\u00e7\u0131s\u0131ndan \u0259srar\u0259ngiz musiqi &#8212; V\u0130DEO"},"content":{"rendered":"\n<p>Az\u0259rbaycan\u0131n \u00f6z torpaqlar\u0131n\u0131 b\u00f6y\u00fck \u015f\u00fcca\u0259t g\u00f6st\u0259r\u0259rk i\u015f\u011faldan azad edilm\u0259si sad\u0259c\u0259 yerli deyil, xarici musiqi\u00e7il\u0259r \u00fc\u00e7\u00fcn d\u0259 ilham m\u0259nb\u0259yi olub. M\u0259\u015fhur amerikan m\u00fc\u011f\u0259nni Della Mayls Az\u0259rbaycan\u0131n bu z\u0259f\u0259rin\u0259 mahn\u0131 v\u0259 klip h\u0259diyy\u0259 edib.<\/p>\n\n\n\n<p><a href=\"https:\/\/ednews.net\/az\">Eurasia Diary<\/a>&nbsp;x\u0259b\u0259r verir ki, Della Mayls mahn\u0131s\u0131nda Qaraba\u011f\u0131n erm\u0259nil\u0259r t\u0259r\u0259find\u0259n i\u015f\u011fal\u0131 v\u0259 t\u00f6r\u0259tdikl\u0259ri v\u0259h\u015filikl\u0259ri musiqi dilind\u0259 ifad\u0259 edib. \u201cMany years ago\u201d(\u0130ll\u0259r \u00f6nc\u0259) adlanan mahn\u0131n\u0131n m\u00fc\u0259llifi t\u00fcrkiy\u0259li yaz\u0131\u00e7\u0131 Turqay Evrendir.<\/p>\n\n\n\n<p>Mahn\u0131 Az\u0259rbaycan xalq\u0131n\u0131n Qaraba\u011f\u0131n i\u015f\u011fal\u0131 il\u0259 bar\u0131\u015fmamas\u0131 v\u0259 i\u015f\u011falla b\u00f6y\u00fcy\u0259n u\u015faqlar\u0131n \u00f6z torpaqlar\u0131n\u0131 azad etm\u0259si t\u0259svir edilib.<\/p>\n\n\n\n<p>Klipd\u0259 erm\u0259nil\u0259rin Qaraba\u011fda t\u00f6r\u0259tdiyi q\u0259tliamlardan \u015f\u0259kill\u0259r v\u0259 Az\u0259rbaycan xalq\u0131n\u0131n \u00e7\u0259kdiyi z\u00fclml\u0259r \u0259ks olunub. Bunun ard\u0131nca m\u00fcz\u0259ff\u0259r Az\u0259rbaycan Ordusunun ke\u00e7irdiyi u\u011furlu \u0259m\u0259liyyat v\u0259 Bak\u0131 \u015f\u0259h\u0259rind\u0259 ke\u00e7iril\u0259n m\u00f6ht\u0259\u015f\u0259m Z\u0259f\u0259r parad\u0131ndan g\u00f6r\u00fcnt\u00fcl\u0259r t\u0259qdim olunub.<\/p>\n\n\n\n<figure class=\"wp-block-embed is-type-video is-provider-youtube wp-block-embed-youtube wp-embed-aspect-16-9 wp-has-aspect-ratio\"><div class=\"wp-block-embed__wrapper\">\n<iframe loading=\"lazy\" title=\"Maykl Ceksonun bek-vokal\u00e7\u0131s\u0131 Az\u0259rbaycan\u0131n Qaraba\u011f z\u0259f\u0259ril\u0259 ba\u011fl\u0131 mahn\u0131 oxudu\" width=\"640\" height=\"360\" src=\"https:\/\/www.youtube.com\/embed\/va3YB0wM7Mk?feature=oembed\" frameborder=\"0\" allow=\"accelerometer; autoplay; clipboard-write; encrypted-media; gyroscope; picture-in-picture; web-share\" referrerpolicy=\"strict-origin-when-cross-origin\" allowfullscreen><\/iframe>\n<\/div><\/figure>\n\n\n\n<p>Az\u0259rbaycan v\u0259 T\u00fcrkiy\u0259nin birliyini t\u0259c\u0259ss\u00fcm etdir\u0259n bir s\u0131ra hadis\u0259l\u0259r d\u0259 kilpd\u0259 \u00f6z \u0259ksini tap\u0131b. Az\u0259rbaycanda ke\u00e7iril\u0259n paradda T\u00fcrkiy\u0259 Prezidenti R\u0259c\u0259b Tayyib \u018frdo\u011fan v\u0259 Az\u0259rbaycan\u0131n Ali Ba\u015f Komandan\u0131 \u0130lham \u018fliyevin yan-yana dayand\u0131\u011f\u0131 s\u0259mimi anlar v\u0259 T\u00fcrkiy\u0259 Ordusunun n\u00fcmay\u0259nd\u0259l\u0259rinin i\u015ftirak\u0131 klipd\u0259 \u00a0g\u00f6st\u0259rilib.<\/p>\n\n\n\n<p>Klipin sonunda d\u00f6vl\u0259t ba\u015f\u00e7\u0131s\u0131 \u0130lham \u018fliyevin azad edilmi\u015f torpaqlara ziyar\u0259tind\u0259n q\u00fcrurverici g\u00f6r\u00fcnt\u00fcl\u0259r t\u0259qdim edilib. C\u0131d\u0131r d\u00fcz\u00fc v\u0259 azad \u015eu\u015fa \u015f\u0259h\u0259rind\u0259n veril\u0259n g\u00f6r\u00fcnt\u00fcl\u0259r h\u0259ssas notlarla klipi sonland\u0131r\u0131b.<\/p>\n\n\n\n<p>Qeyd ed\u0259k ki, Della Mayls pop musiqisinin \u0259fsan\u0259si Maykl Ceksonun v\u0259 m\u0259\u015fhur m\u00fc\u011f\u0259nni Uitni Hyustonun bek-vokal\u00e7\u0131s\u0131 olub.<\/p>\n\n\n\n<p>Musiqi\u00e7i AB\u015e-da Hyuston \u015f\u0259h\u0259rind\u0259 d\u00fcnyaya g\u00f6z a\u00e7\u0131b. G\u0259nc ya\u015flar\u0131nda musiqiy\u0259 olan h\u0259v\u0259si onu m\u00fc\u011f\u0259nni olma\u011fa s\u00f6vq edib. Los-Ancelesd\u0259 f\u0259aliyy\u0259t\u0259 ba\u015flayan Mayls bir \u00e7ox musiqi \u015firk\u0259tl\u0259rinin diqq\u0259tini c\u0259zb edib.<\/p>\n\n\n\n<p>Pop kral\u0131 Mayk Cekson il\u0259 bir s\u0259hn\u0259ni b\u00f6l\u00fc\u015f\u0259n Mayls musiqi d\u00fcnyas\u0131n\u0131n apar\u0131c\u0131 \u015f\u0259xsl\u0259rind\u0259n birin\u0259 \u00e7evrilib. O, h\u0259m d\u0259 m\u0259\u015fhur m\u00fc\u011f\u0259nni Uitni Hyustonun da bek-vokal\u00e7\u0131s\u0131 olub.<\/p>\n\n\n\n<figure class=\"wp-block-embed is-type-video is-provider-youtube wp-block-embed-youtube wp-embed-aspect-16-9 wp-has-aspect-ratio\"><div class=\"wp-block-embed__wrapper\">\n<iframe loading=\"lazy\" title=\"Della Miles&#039;\u0131n hayali ger\u00e7ek oldu\" width=\"640\" height=\"360\" src=\"https:\/\/www.youtube.com\/embed\/mgJG5KBAmWg?feature=oembed\" frameborder=\"0\" allow=\"accelerometer; autoplay; clipboard-write; encrypted-media; gyroscope; picture-in-picture; web-share\" referrerpolicy=\"strict-origin-when-cross-origin\" allowfullscreen><\/iframe>\n<\/div><\/figure>\n\n\n\n<p>2018-ci ild\u0259 \u0130slam dinini q\u0259bul ed\u0259n musiqi\u00e7i T\u00fcrkiy\u0259y\u0259 k\u00f6\u00e7\u0259r\u0259k, orada ya\u015fama\u011fa q\u0259rar verib. O, burada T\u00fcrkiy\u0259nin Prezidenti R\u0259c\u0259b Tayyib \u018frdo\u011fan il\u0259 g\u00f6r\u00fc\u015f\u0259r\u0259k h\u0259yatdak\u0131 \u0259n b\u00f6y\u00fck arzular\u0131ndan birini h\u0259yata ke\u00e7irib. M\u00fc\u011f\u0259nni bu bar\u0259d\u0259 \u00f6z Twitter s\u0259hf\u0259sind\u0259 payla\u015f\u0131m ed\u0259r\u0259k sevincini b\u00f6l\u00fc\u015f\u00fcb.<\/p>\n\n\n\n<p>Della Mayls \u00f6z musiqi h\u0259diyy\u0259si il\u0259 Az\u0259rbaycan h\u0259qiq\u0259tl\u0259rinin d\u00fcnyaya \u00e7atd\u0131r\u0131lmas\u0131nda \u0259h\u0259miyy\u0259tli xidm\u0259t g\u00f6st\u0259rib. Onun tezlikl\u0259 \u00f6lk\u0259miz\u0259 s\u0259f\u0259ri ed\u0259c\u0259yi g\u00f6zl\u0259nilir.<\/p>\n\n\n\n<p>Qeyd ed\u0259k ki, Della Mayls Az\u0259rbaycan\u0131n \u018fm\u0259kdar artisti, Beyn\u0259lxalq Avrasiya M\u0259tbuat Fondunun musiqi el\u00e7isi Qo\u00e7aq \u018fsg\u0259rovla yax\u0131ndan dostluq edir. Eyni zamanda s\u0131x \u0259m\u0259kda\u015fl\u0131q ed\u0259n Mayls v\u0259 \u018fsg\u0259rov yeni musiqi \u00fcz\u0259rind\u0259 \u00e7al\u0131\u015f\u0131rlar.<\/p>\n\n\n\n<figure class=\"wp-block-embed is-type-video is-provider-youtube wp-block-embed-youtube wp-embed-aspect-16-9 wp-has-aspect-ratio\"><div class=\"wp-block-embed__wrapper\">\n<iframe loading=\"lazy\" title=\"D\u00fcnyaca \u00fcnl\u00fc Della Miles Qaraba\u011fla ba\u011fl\u0131 mahn\u0131 oxudu\" width=\"640\" height=\"360\" src=\"https:\/\/www.youtube.com\/embed\/19_T8ION18w?feature=oembed\" frameborder=\"0\" allow=\"accelerometer; autoplay; clipboard-write; encrypted-media; gyroscope; picture-in-picture; web-share\" referrerpolicy=\"strict-origin-when-cross-origin\" allowfullscreen><\/iframe>\n<\/div><\/figure>\n","protected":false},"excerpt":{"rendered":"<p>Az\u0259rbaycan\u0131n \u00f6z torpaqlar\u0131n\u0131 b\u00f6y\u00fck \u015f\u00fcca\u0259t g\u00f6st\u0259r\u0259rk i\u015f\u011faldan azad edilm\u0259si sad\u0259c\u0259 yerli deyil, xarici musiqi\u00e7il\u0259r \u00fc\u00e7\u00fcn&#8230;<\/p>\n","protected":false},"author":3,"featured_media":10071,"comment_status":"closed","ping_status":"closed","sticky":false,"template":"","format":"standard","meta":{"footnotes":""},"categories":[6],"tags":[],"class_list":["post-10069","post","type-post","status-publish","format-standard","has-post-thumbnail","hentry","category-cmiyyt"],"featured_image_urls":{"full":["https:\/\/veteran.az\/wp-content\/uploads\/2021\/05\/photo_459638.jpg",750,444,false],"thumbnail":["https:\/\/veteran.az\/wp-content\/uploads\/2021\/05\/photo_459638-150x150.jpg",150,150,true],"medium":["https:\/\/veteran.az\/wp-content\/uploads\/2021\/05\/photo_459638-300x178.jpg",300,178,true],"medium_large":["https:\/\/veteran.az\/wp-content\/uploads\/2021\/05\/photo_459638.jpg",640,379,false],"large":["https:\/\/veteran.az\/wp-content\/uploads\/2021\/05\/photo_459638.jpg",640,379,false],"1536x1536":["https:\/\/veteran.az\/wp-content\/uploads\/2021\/05\/photo_459638.jpg",750,444,false],"2048x2048":["https:\/\/veteran.az\/wp-content\/uploads\/2021\/05\/photo_459638.jpg",750,444,false],"covernews-slider-full":["https:\/\/veteran.az\/wp-content\/uploads\/2021\/05\/photo_459638.jpg",750,444,false],"covernews-slider-center":["https:\/\/veteran.az\/wp-content\/uploads\/2021\/05\/photo_459638.jpg",750,444,false],"covernews-featured":["https:\/\/veteran.az\/wp-content\/uploads\/2021\/05\/photo_459638.jpg",750,444,false],"covernews-medium":["https:\/\/veteran.az\/wp-content\/uploads\/2021\/05\/photo_459638-720x380.jpg",540,285,true],"covernews-medium-square":["https:\/\/veteran.az\/wp-content\/uploads\/2021\/05\/photo_459638-675x444.jpg",380,250,true]},"author_info":{"display_name":"Veteran.az","author_link":"https:\/\/veteran.az\/?author=3"},"category_info":"<a href=\"https:\/\/veteran.az\/?cat=6\" rel=\"category\">C\u0259miyy\u0259t<\/a>","tag_info":"C\u0259miyy\u0259t","comment_count":"0","_links":{"self":[{"href":"https:\/\/veteran.az\/index.php?rest_route=\/wp\/v2\/posts\/10069","targetHints":{"allow":["GET"]}}],"collection":[{"href":"https:\/\/veteran.az\/index.php?rest_route=\/wp\/v2\/posts"}],"about":[{"href":"https:\/\/veteran.az\/index.php?rest_route=\/wp\/v2\/types\/post"}],"author":[{"embeddable":true,"href":"https:\/\/veteran.az\/index.php?rest_route=\/wp\/v2\/users\/3"}],"replies":[{"embeddable":true,"href":"https:\/\/veteran.az\/index.php?rest_route=%2Fwp%2Fv2%2Fcomments&post=10069"}],"version-history":[{"count":1,"href":"https:\/\/veteran.az\/index.php?rest_route=\/wp\/v2\/posts\/10069\/revisions"}],"predecessor-version":[{"id":10072,"href":"https:\/\/veteran.az\/index.php?rest_route=\/wp\/v2\/posts\/10069\/revisions\/10072"}],"wp:featuredmedia":[{"embeddable":true,"href":"https:\/\/veteran.az\/index.php?rest_route=\/wp\/v2\/media\/10071"}],"wp:attachment":[{"href":"https:\/\/veteran.az\/index.php?rest_route=%2Fwp%2Fv2%2Fmedia&parent=10069"}],"wp:term":[{"taxonomy":"category","embeddable":true,"href":"https:\/\/veteran.az\/index.php?rest_route=%2Fwp%2Fv2%2Fcategories&post=10069"},{"taxonomy":"post_tag","embeddable":true,"href":"https:\/\/veteran.az\/index.php?rest_route=%2Fwp%2Fv2%2Ftags&post=10069"}],"curies":[{"name":"wp","href":"https:\/\/api.w.org\/{rel}","templated":true}]}}